{"@context":{"dc":"http:\/\/purl.org\/dc\/elements\/1.1\/","skos":"http:\/\/www.w3.org\/2004\/02\/skos\/core#","skos:broader":{"@type":"@id"},"skos:inScheme":{"@type":"@id"},"skos:related":{"@type":"@id"},"skos:narrower":{"@type":"@id"},"skos:hasTopConcept":{"@type":"@id"},"skos:topConceptOf":{"@type":"@id"}},"@id":"https:\/\/adm.senado.leg.br\/vcb\/vocab\/skos\/785","@type":"skos:Concept","skos:prefLabel":{"@language":"pt-BR","@value=":"Seguridade social"},"skos:inScheme":"https:\/\/adm.senado.leg.br\/vcb\/vocab\/","dct:created":"2020-09-18 17:42:58","skos:definition":[{"@lang":"ab","@value":"A Seguridade Social compreende um conjunto integrado de a\u00e7\u00f5es de iniciativa dos poderes p\u00fablicos e da sociedade, destinado a assegurar o direito relativo \u00e0 sa\u00fade, \u00e0 previd\u00eancia e \u00e0 assist\u00eancia social.$vBRASIL. Lei n\u00ba 8.212, de 24 de julho de 1991. "},{"@lang":"ab","@value":"Conjunto de medidas consagradas na Constitui\u00e7\u00e3o de 1988 que visam a prote\u00e7\u00e3o dos direitos individuais e coletivos concernentes \u00e0 sa\u00fade, \u00e0 previd\u00eancia e \u00e0 assist\u00eancia social. "}],"skos:editorialNote":[{"@lang":"ab","@value":"341.61 "}],"skos:narrower":["https:\/\/adm.senado.leg.br\/vcb\/vocab\/skos\/2852","https:\/\/adm.senado.leg.br\/vcb\/vocab\/skos\/3674","https:\/\/adm.senado.leg.br\/vcb\/vocab\/skos\/2864","https:\/\/adm.senado.leg.br\/vcb\/vocab\/skos\/5018","https:\/\/adm.senado.leg.br\/vcb\/vocab\/skos\/798","https:\/\/adm.senado.leg.br\/vcb\/vocab\/skos\/9669"],"skos:broader":["https:\/\/adm.senado.leg.br\/vcb\/vocab\/skos\/3728"],"skos:altLabel":[{"language":"pt-BR","value":"Seguran\u00e7a social"}],"skos:related":["https:\/\/adm.senado.leg.br\/vcb\/vocab\/skos\/764","https:\/\/adm.senado.leg.br\/vcb\/vocab\/skos\/612","https:\/\/adm.senado.leg.br\/vcb\/vocab\/skos\/6242","https:\/\/adm.senado.leg.br\/vcb\/vocab\/skos\/9125","https:\/\/adm.senado.leg.br\/vcb\/vocab\/skos\/3801","https:\/\/adm.senado.leg.br\/vcb\/vocab\/skos\/401","https:\/\/adm.senado.leg.br\/vcb\/vocab\/skos\/681","https:\/\/adm.senado.leg.br\/vcb\/vocab\/skos\/9127","https:\/\/adm.senado.leg.br\/vcb\/vocab\/skos\/15490","https:\/\/adm.senado.leg.br\/vcb\/vocab\/skos\/11989","https:\/\/adm.senado.leg.br\/vcb\/vocab\/skos\/16043","https:\/\/adm.senado.leg.br\/vcb\/vocab\/skos\/9128","https:\/\/adm.senado.leg.br\/vcb\/vocab\/skos\/3686","https:\/\/adm.senado.leg.br\/vcb\/vocab\/skos\/1206","https:\/\/adm.senado.leg.br\/vcb\/vocab\/skos\/4523"]}