{"@context":{"dc":"http:\/\/purl.org\/dc\/elements\/1.1\/","skos":"http:\/\/www.w3.org\/2004\/02\/skos\/core#","skos:broader":{"@type":"@id"},"skos:inScheme":{"@type":"@id"},"skos:related":{"@type":"@id"},"skos:narrower":{"@type":"@id"},"skos:hasTopConcept":{"@type":"@id"},"skos:topConceptOf":{"@type":"@id"}},"@id":"https:\/\/adm.senado.leg.br\/vcb\/vocab\/skos\/786","@type":"skos:Concept","skos:prefLabel":{"@language":"pt-BR","@value=":"Tr\u00e2nsito"},"skos:inScheme":"https:\/\/adm.senado.leg.br\/vcb\/vocab\/","dct:created":"2020-09-18 17:42:58","dct:modified":"2021-04-16 10:26:21","skos:definition":[{"@lang":"ab","@value":"Considera-se tr\u00e2nsito a utiliza\u00e7\u00e3o das vias por pessoas, ve\u00edculos e animais, isolados ou em grupos, conduzidos ou n\u00e3o, para fins de circula\u00e7\u00e3o, parada, estacionamento e opera\u00e7\u00e3o de carga ou descarga.$vBRASIL. Lei 9503, de 23 de setembro de 2007. "}],"skos:narrower":["https:\/\/adm.senado.leg.br\/vcb\/vocab\/skos\/10607"],"skos:broader":["https:\/\/adm.senado.leg.br\/vcb\/vocab\/skos\/1571"],"skos:related":["https:\/\/adm.senado.leg.br\/vcb\/vocab\/skos\/764","https:\/\/adm.senado.leg.br\/vcb\/vocab\/skos\/4186","https:\/\/adm.senado.leg.br\/vcb\/vocab\/skos\/4474","https:\/\/adm.senado.leg.br\/vcb\/vocab\/skos\/5278","https:\/\/adm.senado.leg.br\/vcb\/vocab\/skos\/782","https:\/\/adm.senado.leg.br\/vcb\/vocab\/skos\/4358","https:\/\/adm.senado.leg.br\/vcb\/vocab\/skos\/783","https:\/\/adm.senado.leg.br\/vcb\/vocab\/skos\/6302","https:\/\/adm.senado.leg.br\/vcb\/vocab\/skos\/3510","https:\/\/adm.senado.leg.br\/vcb\/vocab\/skos\/727","https:\/\/adm.senado.leg.br\/vcb\/vocab\/skos\/10606","https:\/\/adm.senado.leg.br\/vcb\/vocab\/skos\/24548","https:\/\/adm.senado.leg.br\/vcb\/vocab\/skos\/24968","https:\/\/adm.senado.leg.br\/vcb\/vocab\/skos\/4597","https:\/\/adm.senado.leg.br\/vcb\/vocab\/skos\/6916","https:\/\/adm.senado.leg.br\/vcb\/vocab\/skos\/5668","https:\/\/adm.senado.leg.br\/vcb\/vocab\/skos\/4409","https:\/\/adm.senado.leg.br\/vcb\/vocab\/skos\/22271","https:\/\/adm.senado.leg.br\/vcb\/vocab\/skos\/665","https:\/\/adm.senado.leg.br\/vcb\/vocab\/skos\/666"]}