{"@context":{"dc":"http:\/\/purl.org\/dc\/elements\/1.1\/","skos":"http:\/\/www.w3.org\/2004\/02\/skos\/core#","skos:broader":{"@type":"@id"},"skos:inScheme":{"@type":"@id"},"skos:related":{"@type":"@id"},"skos:narrower":{"@type":"@id"},"skos:hasTopConcept":{"@type":"@id"},"skos:topConceptOf":{"@type":"@id"}},"@id":"https:\/\/adm.senado.leg.br\/vcb\/vocab\/skos\/793","@type":"skos:Concept","skos:prefLabel":{"@language":"pt-BR","@value=":"Doen\u00e7a profissional"},"skos:inScheme":"https:\/\/adm.senado.leg.br\/vcb\/vocab\/","dct:created":"2020-09-18 17:42:58","skos:definition":[{"@lang":"ab","@value":"A produzida ou desencadeada pelo exerc\u00edcio do trabalho peculiar a determinada atividade e constante da respectiva rela\u00e7\u00e3o elaborada pelo Minist\u00e9rio do Trabalho e da Previd\u00eancia Social.$vBRASIL. Lei 8.213, de 24 de julho de 1991 "}],"skos:editorialNote":[{"@lang":"ab","@value":"342.6 "}],"skos:narrower":["https:\/\/adm.senado.leg.br\/vcb\/vocab\/skos\/6009","https:\/\/adm.senado.leg.br\/vcb\/vocab\/skos\/10771","https:\/\/adm.senado.leg.br\/vcb\/vocab\/skos\/12089"],"skos:broader":["https:\/\/adm.senado.leg.br\/vcb\/vocab\/skos\/1936","https:\/\/adm.senado.leg.br\/vcb\/vocab\/skos\/804"],"skos:altLabel":[{"language":"pt-BR","value":"Doen\u00e7a do trabalho"},{"language":"pt-BR","value":"Doen\u00e7a ocupacional"},{"language":"pt-BR","value":"Mol\u00e9stia profissional"}],"skos:related":["https:\/\/adm.senado.leg.br\/vcb\/vocab\/skos\/765","https:\/\/adm.senado.leg.br\/vcb\/vocab\/skos\/29351","https:\/\/adm.senado.leg.br\/vcb\/vocab\/skos\/12283","https:\/\/adm.senado.leg.br\/vcb\/vocab\/skos\/12284","https:\/\/adm.senado.leg.br\/vcb\/vocab\/skos\/796","https:\/\/adm.senado.leg.br\/vcb\/vocab\/skos\/2882","https:\/\/adm.senado.leg.br\/vcb\/vocab\/skos\/797","https:\/\/adm.senado.leg.br\/vcb\/vocab\/skos\/808","https:\/\/adm.senado.leg.br\/vcb\/vocab\/skos\/12242","https:\/\/adm.senado.leg.br\/vcb\/vocab\/skos\/799","https:\/\/adm.senado.leg.br\/vcb\/vocab\/skos\/12285","https:\/\/adm.senado.leg.br\/vcb\/vocab\/skos\/802","https:\/\/adm.senado.leg.br\/vcb\/vocab\/skos\/803","https:\/\/adm.senado.leg.br\/vcb\/vocab\/skos\/12286","https:\/\/adm.senado.leg.br\/vcb\/vocab\/skos\/2858","https:\/\/adm.senado.leg.br\/vcb\/vocab\/skos\/806","https:\/\/adm.senado.leg.br\/vcb\/vocab\/skos\/29352"]}