{"@context":{"dc":"http:\/\/purl.org\/dc\/elements\/1.1\/","skos":"http:\/\/www.w3.org\/2004\/02\/skos\/core#","skos:broader":{"@type":"@id"},"skos:inScheme":{"@type":"@id"},"skos:related":{"@type":"@id"},"skos:narrower":{"@type":"@id"},"skos:hasTopConcept":{"@type":"@id"},"skos:topConceptOf":{"@type":"@id"}},"@id":"https:\/\/adm.senado.leg.br\/vcb\/vocab\/skos\/794","@type":"skos:Concept","skos:prefLabel":{"@language":"pt-BR","@value=":"Equipamento de prote\u00e7\u00e3o individual"},"skos:inScheme":"https:\/\/adm.senado.leg.br\/vcb\/vocab\/","dct:created":"2020-09-18 17:42:58","skos:definition":[{"@lang":"ab","@value":"Dispositivo ou produto, de uso individual utilizado pelo trabalhador, destinado a prote\u00e7\u00e3o contra riscos capazes de amea\u00e7ar a sua seguran\u00e7a e a sua sa\u00fade.$uhttp:\/\/www.guiatrabalhista.com.br\/tematicas\/epi.htm$vPantale\u00e3o, Sergio Ferreira. Guia trabalhista "}],"skos:editorialNote":[{"@lang":"ab","@value":"342.617 "}],"skos:broader":["https:\/\/adm.senado.leg.br\/vcb\/vocab\/skos\/795","https:\/\/adm.senado.leg.br\/vcb\/vocab\/skos\/804"],"skos:altLabel":[{"language":"pt-BR","value":"EPI"}],"skos:related":["https:\/\/adm.senado.leg.br\/vcb\/vocab\/skos\/765","https:\/\/adm.senado.leg.br\/vcb\/vocab\/skos\/1058","https:\/\/adm.senado.leg.br\/vcb\/vocab\/skos\/1060","https:\/\/adm.senado.leg.br\/vcb\/vocab\/skos\/800","https:\/\/adm.senado.leg.br\/vcb\/vocab\/skos\/12285","https:\/\/adm.senado.leg.br\/vcb\/vocab\/skos\/26147","https:\/\/adm.senado.leg.br\/vcb\/vocab\/skos\/801","https:\/\/adm.senado.leg.br\/vcb\/vocab\/skos\/802","https:\/\/adm.senado.leg.br\/vcb\/vocab\/skos\/803","https:\/\/adm.senado.leg.br\/vcb\/vocab\/skos\/13449","https:\/\/adm.senado.leg.br\/vcb\/vocab\/skos\/24235","https:\/\/adm.senado.leg.br\/vcb\/vocab\/skos\/29352"]}