{"@context":{"dc":"http:\/\/purl.org\/dc\/elements\/1.1\/","skos":"http:\/\/www.w3.org\/2004\/02\/skos\/core#","skos:broader":{"@type":"@id"},"skos:inScheme":{"@type":"@id"},"skos:related":{"@type":"@id"},"skos:narrower":{"@type":"@id"},"skos:hasTopConcept":{"@type":"@id"},"skos:topConceptOf":{"@type":"@id"}},"@id":"https:\/\/adm.senado.leg.br\/vcb\/vocab\/skos\/799","@type":"skos:Concept","skos:prefLabel":{"@language":"pt-BR","@value=":"Reabilita\u00e7\u00e3o profissional"},"skos:inScheme":"https:\/\/adm.senado.leg.br\/vcb\/vocab\/","dct:created":"2020-09-18 17:42:58","skos:definition":[{"@lang":"ab","@value":"A reabilita\u00e7\u00e3o profissional \u00e9 um servi\u00e7o da Previd\u00eancia Social, prestado pelo INSS, de car\u00e1ter obrigat\u00f3rio, com o objetivo de proporcionar os meios de reeduca\u00e7\u00e3o ou readapta\u00e7\u00e3o profissionalpara o retorno ao mercado de trabalho dos segurados incapacitados por doen\u00e7a ou acidente.$vBRASIL. Minist\u00e9rio da Previd\u00eancia Social. Reabilita\u00e7\u00e3o profissional. "}],"skos:editorialNote":[{"@lang":"ab","@value":"341.623538 "}],"skos:broader":["https:\/\/adm.senado.leg.br\/vcb\/vocab\/skos\/3708"],"skos:related":["https:\/\/adm.senado.leg.br\/vcb\/vocab\/skos\/765","https:\/\/adm.senado.leg.br\/vcb\/vocab\/skos\/792","https:\/\/adm.senado.leg.br\/vcb\/vocab\/skos\/793","https:\/\/adm.senado.leg.br\/vcb\/vocab\/skos\/796","https:\/\/adm.senado.leg.br\/vcb\/vocab\/skos\/13449"]}