{"@context":{"dc":"http:\/\/purl.org\/dc\/elements\/1.1\/","skos":"http:\/\/www.w3.org\/2004\/02\/skos\/core#","skos:broader":{"@type":"@id"},"skos:inScheme":{"@type":"@id"},"skos:related":{"@type":"@id"},"skos:narrower":{"@type":"@id"},"skos:hasTopConcept":{"@type":"@id"},"skos:topConceptOf":{"@type":"@id"}},"@id":"https:\/\/adm.senado.leg.br\/vcb\/vocab\/skos\/8","@type":"skos:Concept","skos:prefLabel":{"@language":"pt-BR","@value=":"Abandono afetivo"},"skos:inScheme":"https:\/\/adm.senado.leg.br\/vcb\/vocab\/","dct:created":"2020-09-18 17:42:56","skos:definition":[{"@lang":"ab","@value":"Omiss\u00e3o dos pais ou de um deles, pelo menos relativamente ao dever de educa\u00e7\u00e3o, entendida esta na sua acep\u00e7\u00e3o mais ampla, permeada de afeto, carinho, aten\u00e7\u00e3o, desvelo, conforme preconizado na Constitui\u00e7\u00e3o Federal (art. 227), no Estatuto da Crian\u00e7a e do Adolescente (art. 22) e no C\u00f3digo civil (art. 1.566). "}],"skos:editorialNote":[{"@lang":"ab","@value":"342.163 "}],"skos:broader":["https:\/\/adm.senado.leg.br\/vcb\/vocab\/skos\/21"],"skos:altLabel":[{"language":"pt-BR","value":"Omiss\u00e3o do afeto"}],"skos:related":["https:\/\/adm.senado.leg.br\/vcb\/vocab\/skos\/11","https:\/\/adm.senado.leg.br\/vcb\/vocab\/skos\/12","https:\/\/adm.senado.leg.br\/vcb\/vocab\/skos\/13","https:\/\/adm.senado.leg.br\/vcb\/vocab\/skos\/18","https:\/\/adm.senado.leg.br\/vcb\/vocab\/skos\/14","https:\/\/adm.senado.leg.br\/vcb\/vocab\/skos\/15","https:\/\/adm.senado.leg.br\/vcb\/vocab\/skos\/9","https:\/\/adm.senado.leg.br\/vcb\/vocab\/skos\/16","https:\/\/adm.senado.leg.br\/vcb\/vocab\/skos\/17","https:\/\/adm.senado.leg.br\/vcb\/vocab\/skos\/19","https:\/\/adm.senado.leg.br\/vcb\/vocab\/skos\/20","https:\/\/adm.senado.leg.br\/vcb\/vocab\/skos\/22"]}