{"@context":{"dc":"http:\/\/purl.org\/dc\/elements\/1.1\/","skos":"http:\/\/www.w3.org\/2004\/02\/skos\/core#","skos:broader":{"@type":"@id"},"skos:inScheme":{"@type":"@id"},"skos:related":{"@type":"@id"},"skos:narrower":{"@type":"@id"},"skos:hasTopConcept":{"@type":"@id"},"skos:topConceptOf":{"@type":"@id"}},"@id":"https:\/\/adm.senado.leg.br\/vcb\/vocab\/skos\/802","@type":"skos:Concept","skos:prefLabel":{"@language":"pt-BR","@value=":"Risco ocupacional"},"skos:inScheme":"https:\/\/adm.senado.leg.br\/vcb\/vocab\/","dct:created":"2020-09-18 17:42:58","skos:definition":[{"@lang":"ab","@value":"Acidentes ou doen\u00e7as a que est\u00e3o expostos os trabalhadores, no exerc\u00edcio ou por motivo da atividade que desempenham.$vDeCS "}],"skos:narrower":["https:\/\/adm.senado.leg.br\/vcb\/vocab\/skos\/800","https:\/\/adm.senado.leg.br\/vcb\/vocab\/skos\/12285","https:\/\/adm.senado.leg.br\/vcb\/vocab\/skos\/26147","https:\/\/adm.senado.leg.br\/vcb\/vocab\/skos\/801","https:\/\/adm.senado.leg.br\/vcb\/vocab\/skos\/803"],"skos:broader":["https:\/\/adm.senado.leg.br\/vcb\/vocab\/skos\/2218","https:\/\/adm.senado.leg.br\/vcb\/vocab\/skos\/13449"],"skos:altLabel":[{"language":"pt-BR","value":"Risco profissional"},{"language":"pt-BR","value":"Riscos ocupacionais"},{"language":"pt-BR","value":"Trabalho prec\u00e1rio"}],"skos:related":["https:\/\/adm.senado.leg.br\/vcb\/vocab\/skos\/765","https:\/\/adm.senado.leg.br\/vcb\/vocab\/skos\/793","https:\/\/adm.senado.leg.br\/vcb\/vocab\/skos\/794","https:\/\/adm.senado.leg.br\/vcb\/vocab\/skos\/29355","https:\/\/adm.senado.leg.br\/vcb\/vocab\/skos\/2221","https:\/\/adm.senado.leg.br\/vcb\/vocab\/skos\/804"]}