{"@context":{"dc":"http:\/\/purl.org\/dc\/elements\/1.1\/","skos":"http:\/\/www.w3.org\/2004\/02\/skos\/core#","skos:broader":{"@type":"@id"},"skos:inScheme":{"@type":"@id"},"skos:related":{"@type":"@id"},"skos:narrower":{"@type":"@id"},"skos:hasTopConcept":{"@type":"@id"},"skos:topConceptOf":{"@type":"@id"}},"@id":"https:\/\/adm.senado.leg.br\/vcb\/vocab\/skos\/804","@type":"skos:Concept","skos:prefLabel":{"@language":"pt-BR","@value=":"Seguran\u00e7a do trabalho"},"skos:inScheme":"https:\/\/adm.senado.leg.br\/vcb\/vocab\/","dct:created":"2020-09-18 17:42:58","skos:definition":[{"@lang":"ab","@value":"Estado de condi\u00e7\u00f5es de trabalho ligado \u00e0 preven\u00e7\u00e3o de acidentes e doen\u00e7as, que objetiva a elimina\u00e7\u00e3o dos efeitos de fatores perigosos e insalubres, causadores de danos aos trabalhadores, no processo produtivo.$vBRASIL. Minist\u00e9rio do Planejamento e Or\u00e7amento. Gloss\u00e1rio de defesa civil, estudo de riscos e medicina de desastres. "}],"skos:editorialNote":[{"@lang":"ab","@value":"342.617 "}],"skos:narrower":["https:\/\/adm.senado.leg.br\/vcb\/vocab\/skos\/765","https:\/\/adm.senado.leg.br\/vcb\/vocab\/skos\/793","https:\/\/adm.senado.leg.br\/vcb\/vocab\/skos\/794","https:\/\/adm.senado.leg.br\/vcb\/vocab\/skos\/795","https:\/\/adm.senado.leg.br\/vcb\/vocab\/skos\/797"],"skos:broader":["https:\/\/adm.senado.leg.br\/vcb\/vocab\/skos\/2224","https:\/\/adm.senado.leg.br\/vcb\/vocab\/skos\/13449","https:\/\/adm.senado.leg.br\/vcb\/vocab\/skos\/11904"],"skos:altLabel":[{"language":"pt-BR","value":"Seguran\u00e7a do trabalhador"},{"language":"pt-BR","value":"Seguran\u00e7a dos trabalhadores"},{"language":"pt-BR","value":"Seguran\u00e7a em recursos humanos"},{"language":"pt-BR","value":"Seguran\u00e7a industrial"},{"language":"pt-BR","value":"Seguran\u00e7a no trabalho"},{"language":"pt-BR","value":"Trabalho, seguran\u00e7a"}],"skos:related":["https:\/\/adm.senado.leg.br\/vcb\/vocab\/skos\/2218","https:\/\/adm.senado.leg.br\/vcb\/vocab\/skos\/6036","https:\/\/adm.senado.leg.br\/vcb\/vocab\/skos\/24147","https:\/\/adm.senado.leg.br\/vcb\/vocab\/skos\/13151","https:\/\/adm.senado.leg.br\/vcb\/vocab\/skos\/13174","https:\/\/adm.senado.leg.br\/vcb\/vocab\/skos\/13175","https:\/\/adm.senado.leg.br\/vcb\/vocab\/skos\/13483","https:\/\/adm.senado.leg.br\/vcb\/vocab\/skos\/29355","https:\/\/adm.senado.leg.br\/vcb\/vocab\/skos\/2221","https:\/\/adm.senado.leg.br\/vcb\/vocab\/skos\/16017","https:\/\/adm.senado.leg.br\/vcb\/vocab\/skos\/2222","https:\/\/adm.senado.leg.br\/vcb\/vocab\/skos\/801","https:\/\/adm.senado.leg.br\/vcb\/vocab\/skos\/802","https:\/\/adm.senado.leg.br\/vcb\/vocab\/skos\/803","https:\/\/adm.senado.leg.br\/vcb\/vocab\/skos\/13209","https:\/\/adm.senado.leg.br\/vcb\/vocab\/skos\/13210","https:\/\/adm.senado.leg.br\/vcb\/vocab\/skos\/25276","https:\/\/adm.senado.leg.br\/vcb\/vocab\/skos\/24235","https:\/\/adm.senado.leg.br\/vcb\/vocab\/skos\/29352"]}