{"@context":{"dc":"http:\/\/purl.org\/dc\/elements\/1.1\/","skos":"http:\/\/www.w3.org\/2004\/02\/skos\/core#","skos:broader":{"@type":"@id"},"skos:inScheme":{"@type":"@id"},"skos:related":{"@type":"@id"},"skos:narrower":{"@type":"@id"},"skos:hasTopConcept":{"@type":"@id"},"skos:topConceptOf":{"@type":"@id"}},"@id":"https:\/\/adm.senado.leg.br\/vcb\/vocab\/skos\/8053","@type":"skos:Concept","skos:prefLabel":{"@language":"pt-BR","@value=":"Editora\u00e7\u00e3o"},"skos:inScheme":"https:\/\/adm.senado.leg.br\/vcb\/vocab\/","dct:created":"2020-09-18 17:43:32","skos:definition":[{"@lang":"ab","@value":"Na ind\u00fastria editorial, o processo de prepara\u00e7\u00e3o de trabalhos para publica\u00e7\u00e3o: busca e sele\u00e7\u00e3o de originais, contrata\u00e7\u00e3o de direitos autorais ou de tradu\u00e7\u00e3o, organiza\u00e7\u00e3o e adequa\u00e7\u00e3o dos originais, composi\u00e7\u00e3o, corre\u00e7\u00e3o e revis\u00e3o de textos, design gr\u00e1fico, revis\u00e3o das provas etc. "}],"skos:broader":["https:\/\/adm.senado.leg.br\/vcb\/vocab\/skos\/7036"],"skos:altLabel":[{"language":"pt-BR","value":"Processo editorial"}],"skos:related":["https:\/\/adm.senado.leg.br\/vcb\/vocab\/skos\/28660","https:\/\/adm.senado.leg.br\/vcb\/vocab\/skos\/8548","https:\/\/adm.senado.leg.br\/vcb\/vocab\/skos\/8920","https:\/\/adm.senado.leg.br\/vcb\/vocab\/skos\/684","https:\/\/adm.senado.leg.br\/vcb\/vocab\/skos\/8550","https:\/\/adm.senado.leg.br\/vcb\/vocab\/skos\/12606","https:\/\/adm.senado.leg.br\/vcb\/vocab\/skos\/3454","https:\/\/adm.senado.leg.br\/vcb\/vocab\/skos\/4448","https:\/\/adm.senado.leg.br\/vcb\/vocab\/skos\/12615","https:\/\/adm.senado.leg.br\/vcb\/vocab\/skos\/29375","https:\/\/adm.senado.leg.br\/vcb\/vocab\/skos\/12611","https:\/\/adm.senado.leg.br\/vcb\/vocab\/skos\/12616"]}