{"@context":{"dc":"http:\/\/purl.org\/dc\/elements\/1.1\/","skos":"http:\/\/www.w3.org\/2004\/02\/skos\/core#","skos:broader":{"@type":"@id"},"skos:inScheme":{"@type":"@id"},"skos:related":{"@type":"@id"},"skos:narrower":{"@type":"@id"},"skos:hasTopConcept":{"@type":"@id"},"skos:topConceptOf":{"@type":"@id"}},"@id":"https:\/\/adm.senado.leg.br\/vcb\/vocab\/skos\/8076","@type":"skos:Concept","skos:prefLabel":{"@language":"pt-BR","@value=":"Discurso pol\u00edtico"},"skos:inScheme":"https:\/\/adm.senado.leg.br\/vcb\/vocab\/","dct:created":"2020-09-18 17:43:33","skos:scopeNote":[{"@lang":"pt-BR","@value":"Usar no campo 650 quando for assunto do texto como, por exemplo, obras com cr\u00edticas e interpreta\u00e7\u00f5es. Para os pr\u00f3prios discursos, usar no campo 655. "}],"skos:definition":[{"@lang":"ab","@value":"Discurso pronunciado no exerc\u00edcio de um cargo p\u00fablico. "}],"skos:broader":["https:\/\/adm.senado.leg.br\/vcb\/vocab\/skos\/8105"],"skos:related":["https:\/\/adm.senado.leg.br\/vcb\/vocab\/skos\/5954","https:\/\/adm.senado.leg.br\/vcb\/vocab\/skos\/10377","https:\/\/adm.senado.leg.br\/vcb\/vocab\/skos\/11963"]}