{"@context":{"dc":"http:\/\/purl.org\/dc\/elements\/1.1\/","skos":"http:\/\/www.w3.org\/2004\/02\/skos\/core#","skos:broader":{"@type":"@id"},"skos:inScheme":{"@type":"@id"},"skos:related":{"@type":"@id"},"skos:narrower":{"@type":"@id"},"skos:hasTopConcept":{"@type":"@id"},"skos:topConceptOf":{"@type":"@id"}},"@id":"https:\/\/adm.senado.leg.br\/vcb\/vocab\/skos\/8077","@type":"skos:Concept","skos:prefLabel":{"@language":"pt-BR","@value=":"P\u00f3s-verdade"},"skos:inScheme":"https:\/\/adm.senado.leg.br\/vcb\/vocab\/","dct:created":"2020-09-18 17:43:33","skos:scopeNote":[{"@lang":"pt-BR","@value":"=BAS $a170 - \u00c9tica (filosofia pr\u00e1tica) "}],"skos:definition":[{"@lang":"ab","@value":"Neologismo que descreve a situa\u00e7\u00e3o na qual, na hora de criar e modelar a opini\u00e3o p\u00fablica, os fatos objetivos t\u00eam menos influ\u00eancia que os apelos \u00e0s emo\u00e7\u00f5es e \u00e0s cren\u00e7as pessoais. Na cultura pol\u00edtica, se denomina pol\u00edtica da p\u00f3s-verdade (ou pol\u00edtica p\u00f3s-factual) aquela na qual o debate se enquadra em apelos emocionais, desconectando-se dos detalhes da pol\u00edtica p\u00fablica, e pela reiterada afirma\u00e7\u00e3o de pontos de discuss\u00e3o nos quais as r\u00e9plicas f\u00e1ticas - os fatos - s\u00e3o ignoradas. Resume-se como a ideia em que \"algo que aparente ser verdade \u00e9 mais importante que a pr\u00f3pria verdade\".$vWikipedia$uhttps:\/\/pt.wikipedia.org\/wiki\/P%C3%B3s-verdade "}],"skos:altLabel":[{"language":"pt-BR","value":"Posverdade"},{"language":"pt-BR","value":"Verdade alternativa"}],"skos:related":["https:\/\/adm.senado.leg.br\/vcb\/vocab\/skos\/5954","https:\/\/adm.senado.leg.br\/vcb\/vocab\/skos\/8833","https:\/\/adm.senado.leg.br\/vcb\/vocab\/skos\/10963","https:\/\/adm.senado.leg.br\/vcb\/vocab\/skos\/4232"]}