{"@context":{"dc":"http:\/\/purl.org\/dc\/elements\/1.1\/","skos":"http:\/\/www.w3.org\/2004\/02\/skos\/core#","skos:broader":{"@type":"@id"},"skos:inScheme":{"@type":"@id"},"skos:related":{"@type":"@id"},"skos:narrower":{"@type":"@id"},"skos:hasTopConcept":{"@type":"@id"},"skos:topConceptOf":{"@type":"@id"}},"@id":"https:\/\/adm.senado.leg.br\/vcb\/vocab\/skos\/8082","@type":"skos:Concept","skos:prefLabel":{"@language":"pt-BR","@value=":"Rede de telecomunica\u00e7\u00f5es"},"skos:inScheme":"https:\/\/adm.senado.leg.br\/vcb\/vocab\/","dct:created":"2020-09-18 17:43:33","skos:definition":[{"@lang":"ab","@value":"Conjunto operacional cont\u00ednuo de enlaces e equipamentos, incluindo fun\u00e7\u00f5es de transmiss\u00e3o, comuta\u00e7\u00e3o ou quaisquer outras indispens\u00e1veis \u00e0 opera\u00e7\u00e3o de Servi\u00e7o de Telecomunica\u00e7\u00f5es. "},{"@lang":"ab","@value":"Redes de comunica\u00e7\u00e3o e informa\u00e7\u00e3o eletr\u00f4nicas. "}],"skos:narrower":["https:\/\/adm.senado.leg.br\/vcb\/vocab\/skos\/9463","https:\/\/adm.senado.leg.br\/vcb\/vocab\/skos\/19112","https:\/\/adm.senado.leg.br\/vcb\/vocab\/skos\/23481","https:\/\/adm.senado.leg.br\/vcb\/vocab\/skos\/3241","https:\/\/adm.senado.leg.br\/vcb\/vocab\/skos\/23492","https:\/\/adm.senado.leg.br\/vcb\/vocab\/skos\/6846","https:\/\/adm.senado.leg.br\/vcb\/vocab\/skos\/24623"],"skos:broader":["https:\/\/adm.senado.leg.br\/vcb\/vocab\/skos\/8043","https:\/\/adm.senado.leg.br\/vcb\/vocab\/skos\/5985"],"skos:altLabel":[{"language":"pt-BR","value":"Rede de computador"},{"language":"pt-BR","value":"Rede de comunica\u00e7\u00e3o de dados"},{"language":"pt-BR","value":"Rede de informa\u00e7\u00e3o"},{"language":"pt-BR","value":"Rede de telecomunica\u00e7\u00e3o"},{"language":"pt-BR","value":"Redes de computadores"},{"language":"pt-BR","value":"Redes de informa\u00e7\u00e3o"}],"skos:related":["https:\/\/adm.senado.leg.br\/vcb\/vocab\/skos\/23504","https:\/\/adm.senado.leg.br\/vcb\/vocab\/skos\/18861","https:\/\/adm.senado.leg.br\/vcb\/vocab\/skos\/656","https:\/\/adm.senado.leg.br\/vcb\/vocab\/skos\/20891","https:\/\/adm.senado.leg.br\/vcb\/vocab\/skos\/23505","https:\/\/adm.senado.leg.br\/vcb\/vocab\/skos\/23506","https:\/\/adm.senado.leg.br\/vcb\/vocab\/skos\/23508","https:\/\/adm.senado.leg.br\/vcb\/vocab\/skos\/1570"]}