{"@context":{"dc":"http:\/\/purl.org\/dc\/elements\/1.1\/","skos":"http:\/\/www.w3.org\/2004\/02\/skos\/core#","skos:broader":{"@type":"@id"},"skos:inScheme":{"@type":"@id"},"skos:related":{"@type":"@id"},"skos:narrower":{"@type":"@id"},"skos:hasTopConcept":{"@type":"@id"},"skos:topConceptOf":{"@type":"@id"}},"@id":"https:\/\/adm.senado.leg.br\/vcb\/vocab\/skos\/8087","@type":"skos:Concept","skos:prefLabel":{"@language":"pt-BR","@value=":"Jornalismo empresarial"},"skos:inScheme":"https:\/\/adm.senado.leg.br\/vcb\/vocab\/","dct:created":"2020-09-18 17:43:33","skos:definition":[{"@lang":"ab","@value":"Chama-se jornalismo empresarial a especializa\u00e7\u00e3o da profiss\u00e3o jornal\u00edstica na cobertura jornal\u00edstica interna dos fatos de uma empresa, companhia ou corpora\u00e7\u00e3o, bem como a produ\u00e7\u00e3o de ve\u00edculos jornal\u00edsticos voltados para circula\u00e7\u00e3o entre os pr\u00f3prios funcion\u00e1rios e executivos de uma ou mais empresas (jornais internos, boletins e house organs). "}],"skos:broader":["https:\/\/adm.senado.leg.br\/vcb\/vocab\/skos\/8055"],"skos:altLabel":[{"language":"pt-BR","value":"Jornal de empresa"},{"language":"pt-BR","value":"Publica\u00e7\u00e3o empresarial"},{"language":"pt-BR","value":"Revista corporativa"},{"language":"pt-BR","value":"Revista de empresa"},{"language":"pt-BR","value":"Revista empresarial"}],"skos:related":["https:\/\/adm.senado.leg.br\/vcb\/vocab\/skos\/19341","https:\/\/adm.senado.leg.br\/vcb\/vocab\/skos\/3595","https:\/\/adm.senado.leg.br\/vcb\/vocab\/skos\/591","https:\/\/adm.senado.leg.br\/vcb\/vocab\/skos\/13372","https:\/\/adm.senado.leg.br\/vcb\/vocab\/skos\/8116","https:\/\/adm.senado.leg.br\/vcb\/vocab\/skos\/12518","https:\/\/adm.senado.leg.br\/vcb\/vocab\/skos\/9494","https:\/\/adm.senado.leg.br\/vcb\/vocab\/skos\/19334","https:\/\/adm.senado.leg.br\/vcb\/vocab\/skos\/8057"]}