{"@context":{"dc":"http:\/\/purl.org\/dc\/elements\/1.1\/","skos":"http:\/\/www.w3.org\/2004\/02\/skos\/core#","skos:broader":{"@type":"@id"},"skos:inScheme":{"@type":"@id"},"skos:related":{"@type":"@id"},"skos:narrower":{"@type":"@id"},"skos:hasTopConcept":{"@type":"@id"},"skos:topConceptOf":{"@type":"@id"}},"@id":"https:\/\/adm.senado.leg.br\/vcb\/vocab\/skos\/8116","@type":"skos:Concept","skos:prefLabel":{"@language":"pt-BR","@value=":"Jornalismo comunit\u00e1rio"},"skos:inScheme":"https:\/\/adm.senado.leg.br\/vcb\/vocab\/","dct:created":"2020-09-18 17:43:33","skos:definition":[{"@lang":"ab","@value":"jornalismo comunit\u00e1rio \u00e9 a especializa\u00e7\u00e3o da profiss\u00e3o jornal\u00edstica nos fatos que ocorrem dentro de uma comunidade (bairro, vila, vilarejo, aldeia, povoado, distrito, concelho, munic\u00edpio, favela, etc.) ou que sejam de interesse para os moradores desta. Tamb\u00e9m se define como o jornalismo praticado por membros de uma comunidade - como, por exemplo, no caso de jornais e r\u00e1dios produzidos por moradores de uma favela. "}],"skos:broader":["https:\/\/adm.senado.leg.br\/vcb\/vocab\/skos\/8055"],"skos:related":["https:\/\/adm.senado.leg.br\/vcb\/vocab\/skos\/3764","https:\/\/adm.senado.leg.br\/vcb\/vocab\/skos\/19329","https:\/\/adm.senado.leg.br\/vcb\/vocab\/skos\/13372","https:\/\/adm.senado.leg.br\/vcb\/vocab\/skos\/12518","https:\/\/adm.senado.leg.br\/vcb\/vocab\/skos\/8087","https:\/\/adm.senado.leg.br\/vcb\/vocab\/skos\/9494","https:\/\/adm.senado.leg.br\/vcb\/vocab\/skos\/19334","https:\/\/adm.senado.leg.br\/vcb\/vocab\/skos\/19335","https:\/\/adm.senado.leg.br\/vcb\/vocab\/skos\/19332","https:\/\/adm.senado.leg.br\/vcb\/vocab\/skos\/4918"]}