{"@context":{"dc":"http:\/\/purl.org\/dc\/elements\/1.1\/","skos":"http:\/\/www.w3.org\/2004\/02\/skos\/core#","skos:broader":{"@type":"@id"},"skos:inScheme":{"@type":"@id"},"skos:related":{"@type":"@id"},"skos:narrower":{"@type":"@id"},"skos:hasTopConcept":{"@type":"@id"},"skos:topConceptOf":{"@type":"@id"}},"@id":"https:\/\/adm.senado.leg.br\/vcb\/vocab\/skos\/8129","@type":"skos:Concept","skos:prefLabel":{"@language":"pt-BR","@value=":"Institui\u00e7\u00e3o religiosa"},"skos:inScheme":"https:\/\/adm.senado.leg.br\/vcb\/vocab\/","dct:created":"2020-09-18 17:43:33","skos:narrower":["https:\/\/adm.senado.leg.br\/vcb\/vocab\/skos\/7312"],"skos:broader":["https:\/\/adm.senado.leg.br\/vcb\/vocab\/skos\/1144","https:\/\/adm.senado.leg.br\/vcb\/vocab\/skos\/3804","https:\/\/adm.senado.leg.br\/vcb\/vocab\/skos\/3767"],"skos:altLabel":[{"language":"pt-BR","value":"Associa\u00e7\u00e3o confessional"},{"language":"pt-BR","value":"Associa\u00e7\u00e3o de fi\u00e9is"},{"language":"pt-BR","value":"Associa\u00e7\u00e3o eclesi\u00e1stica"},{"language":"pt-BR","value":"Associa\u00e7\u00e3o religiosa"},{"language":"pt-BR","value":"Associa\u00e7\u00f5es confessionais"},{"language":"pt-BR","value":"Associa\u00e7\u00f5es de fi\u00e9is"},{"language":"pt-BR","value":"Associa\u00e7\u00f5es eclesi\u00e1sticas"},{"language":"pt-BR","value":"Convento"},{"language":"pt-BR","value":"Entidades religiosas"},{"language":"pt-BR","value":"Funda\u00e7\u00e3o religiosa"},{"language":"pt-BR","value":"Institui\u00e7\u00e3o eclesi\u00e1stica"},{"language":"pt-BR","value":"Institui\u00e7\u00f5es religiosas"},{"language":"pt-BR","value":"Organiza\u00e7\u00f5es religiosas"},{"language":"pt-BR","value":"Sociedade religiosa"}],"skos:related":["https:\/\/adm.senado.leg.br\/vcb\/vocab\/skos\/8128","https:\/\/adm.senado.leg.br\/vcb\/vocab\/skos\/8457","https:\/\/adm.senado.leg.br\/vcb\/vocab\/skos\/5015","https:\/\/adm.senado.leg.br\/vcb\/vocab\/skos\/5034","https:\/\/adm.senado.leg.br\/vcb\/vocab\/skos\/2710"]}