{"@context":{"dc":"http:\/\/purl.org\/dc\/elements\/1.1\/","skos":"http:\/\/www.w3.org\/2004\/02\/skos\/core#","skos:broader":{"@type":"@id"},"skos:inScheme":{"@type":"@id"},"skos:related":{"@type":"@id"},"skos:narrower":{"@type":"@id"},"skos:hasTopConcept":{"@type":"@id"},"skos:topConceptOf":{"@type":"@id"}},"@id":"https:\/\/adm.senado.leg.br\/vcb\/vocab\/skos\/8175","@type":"skos:Concept","skos:prefLabel":{"@language":"pt-BR","@value=":"Industrializa\u00e7\u00e3o"},"skos:inScheme":"https:\/\/adm.senado.leg.br\/vcb\/vocab\/","dct:created":"2020-09-18 17:43:33","skos:scopeNote":[{"@lang":"pt-BR","@value":"Usado para obras que tratam do desenvolvimento gradual da ind\u00fastria e organiza\u00e7\u00e3o da produ\u00e7\u00e3o industrial. Obras sobre a complexa mudan\u00e7a radical socioecon\u00f4mica quando o sistema de produ\u00e7\u00e3o mecanizada extensiva resulta na abrupta mudan\u00e7a de manufatura caseira para larga escala de produ\u00e7\u00e3o em f\u00e1bricas usar Revolu\u00e7\u00e3o industrial. (BN) "}],"skos:definition":[{"@lang":"ab","@value":"Segundo o Decreto n\u00ba 7.212 em seu art. 4\u00ba, caracteriza industrializa\u00e7\u00e3o qualquer opera\u00e7\u00e3o que modifique a natureza, o funcionamento, o acabamento, a apresenta\u00e7\u00e3o ou a finalidade do produto, ou o aperfei\u00e7oe para consumo.$vBRASIL. Presid\u00eancia da Rep\u00fablica. Casa Civil. Decreto n\u00b07.212, de 15 de junho de 2010. Se\u00e7\u00e3o II. Da Industrializa\u00e7\u00e3o. "}],"skos:broader":["https:\/\/adm.senado.leg.br\/vcb\/vocab\/skos\/125","https:\/\/adm.senado.leg.br\/vcb\/vocab\/skos\/3316"],"skos:altLabel":[{"language":"pt-BR","value":"Crescimento industrial"},{"language":"pt-BR","value":"Desenvolvimento industrial"}],"skos:related":["https:\/\/adm.senado.leg.br\/vcb\/vocab\/skos\/8173","https:\/\/adm.senado.leg.br\/vcb\/vocab\/skos\/5460","https:\/\/adm.senado.leg.br\/vcb\/vocab\/skos\/6108","https:\/\/adm.senado.leg.br\/vcb\/vocab\/skos\/2691","https:\/\/adm.senado.leg.br\/vcb\/vocab\/skos\/1249","https:\/\/adm.senado.leg.br\/vcb\/vocab\/skos\/8174","https:\/\/adm.senado.leg.br\/vcb\/vocab\/skos\/7650","https:\/\/adm.senado.leg.br\/vcb\/vocab\/skos\/18780","https:\/\/adm.senado.leg.br\/vcb\/vocab\/skos\/3317","https:\/\/adm.senado.leg.br\/vcb\/vocab\/skos\/5085","https:\/\/adm.senado.leg.br\/vcb\/vocab\/skos\/10835","https:\/\/adm.senado.leg.br\/vcb\/vocab\/skos\/12061"]}