{"@context":{"dc":"http:\/\/purl.org\/dc\/elements\/1.1\/","skos":"http:\/\/www.w3.org\/2004\/02\/skos\/core#","skos:broader":{"@type":"@id"},"skos:inScheme":{"@type":"@id"},"skos:related":{"@type":"@id"},"skos:narrower":{"@type":"@id"},"skos:hasTopConcept":{"@type":"@id"},"skos:topConceptOf":{"@type":"@id"}},"@id":"https:\/\/adm.senado.leg.br\/vcb\/vocab\/skos\/8214","@type":"skos:Concept","skos:prefLabel":{"@language":"pt-BR","@value=":"Concess\u00e3o patrocinada"},"skos:inScheme":"https:\/\/adm.senado.leg.br\/vcb\/vocab\/","dct:created":"2020-09-18 17:43:34","skos:definition":[{"@lang":"ab","@value":"A concess\u00e3o de servi\u00e7os p\u00fablicos ou de obras p\u00fablicas de que trata a Lei n.\u00ba 8.987, de 13 de fevereiro de 1995, quando envolver, adicionalmente \u00e0 tarifa cobrada dos usu\u00e1rios, contrapresta\u00e7\u00e3o pecuni\u00e1ria do parceiro p\u00fablico ao parceiro privado. "},{"@lang":"ab","@value":"Concess\u00e3o patrocinada \u00e9 a modalidade de parceria p\u00fablico-privada em que as tarifas cobradas dos usu\u00e1rios n\u00e3o s\u00e3o satisfat\u00f3rias para compensar os investimentos realizados pelo parceiro privado. Sendo assim, na concess\u00e3o patrocinada, o poder p\u00fablico, em adi\u00e7\u00e3o \u00e0s tarifas cobradas dos usu\u00e1rios, complementa a remunera\u00e7\u00e3o do parceiro privado por meio de aportes regulares de recursos or\u00e7ament\u00e1rios (contrapresta\u00e7\u00f5es do poder p\u00fablico).$vPPP BRASIL. O observat\u00f3rio das Parcerias P\u00fablico-Privadas. "}],"skos:broader":["https:\/\/adm.senado.leg.br\/vcb\/vocab\/skos\/8183"],"skos:related":["https:\/\/adm.senado.leg.br\/vcb\/vocab\/skos\/8182","https:\/\/adm.senado.leg.br\/vcb\/vocab\/skos\/8215"]}