{"@context":{"dc":"http:\/\/purl.org\/dc\/elements\/1.1\/","skos":"http:\/\/www.w3.org\/2004\/02\/skos\/core#","skos:broader":{"@type":"@id"},"skos:inScheme":{"@type":"@id"},"skos:related":{"@type":"@id"},"skos:narrower":{"@type":"@id"},"skos:hasTopConcept":{"@type":"@id"},"skos:topConceptOf":{"@type":"@id"}},"@id":"https:\/\/adm.senado.leg.br\/vcb\/vocab\/skos\/8226","@type":"skos:Concept","skos:prefLabel":{"@language":"pt-BR","@value=":"Conciliador"},"skos:inScheme":"https:\/\/adm.senado.leg.br\/vcb\/vocab\/","dct:created":"2020-09-18 17:43:34","skos:definition":[{"@lang":"ab","@value":"Auxiliares da Justi\u00e7a, recrutados, na forma da lei local, preferentemente entre bachar\u00e9is em Direito, exclu\u00eddos os que exer\u00e7am fun\u00e7\u00f5es na administra\u00e7\u00e3o da Justi\u00e7a Criminal (Lei 9.099 de 1995, arts. 7 e 72). "}],"skos:related":["https:\/\/adm.senado.leg.br\/vcb\/vocab\/skos\/4223","https:\/\/adm.senado.leg.br\/vcb\/vocab\/skos\/441","https:\/\/adm.senado.leg.br\/vcb\/vocab\/skos\/4227","https:\/\/adm.senado.leg.br\/vcb\/vocab\/skos\/8232","https:\/\/adm.senado.leg.br\/vcb\/vocab\/skos\/8233"]}