{"@context":{"dc":"http:\/\/purl.org\/dc\/elements\/1.1\/","skos":"http:\/\/www.w3.org\/2004\/02\/skos\/core#","skos:broader":{"@type":"@id"},"skos:inScheme":{"@type":"@id"},"skos:related":{"@type":"@id"},"skos:narrower":{"@type":"@id"},"skos:hasTopConcept":{"@type":"@id"},"skos:topConceptOf":{"@type":"@id"}},"@id":"https:\/\/adm.senado.leg.br\/vcb\/vocab\/skos\/8288","@type":"skos:Concept","skos:prefLabel":{"@language":"pt-BR","@value=":"Pris\u00e3o"},"skos:inScheme":"https:\/\/adm.senado.leg.br\/vcb\/vocab\/","dct:created":"2020-09-18 17:43:34","skos:scopeNote":[{"@lang":"pt-BR","@value":"Usado para obras que tratam do confinamento de pessoas em institui\u00e7\u00f5es. Veja tamb\u00e9m o descritor Penitenci\u00e1ria "}],"skos:definition":[{"@lang":"ab","@value":"Ato pelo qual se priva a pessoa de sua liberdade de locomo\u00e7\u00e3o, isto \u00e9, da liberdade de ir e vir, recolhendo-a a um lugar seguro ou fechado, de onde n\u00e3o poder\u00e1 sair\" (SILVA, de Pl\u00e1cido, 2004). "}],"skos:editorialNote":[{"@lang":"ab","@value":"341.4325 "}],"skos:narrower":["https:\/\/adm.senado.leg.br\/vcb\/vocab\/skos\/22677","https:\/\/adm.senado.leg.br\/vcb\/vocab\/skos\/19667","https:\/\/adm.senado.leg.br\/vcb\/vocab\/skos\/22678","https:\/\/adm.senado.leg.br\/vcb\/vocab\/skos\/22679","https:\/\/adm.senado.leg.br\/vcb\/vocab\/skos\/22680","https:\/\/adm.senado.leg.br\/vcb\/vocab\/skos\/22681","https:\/\/adm.senado.leg.br\/vcb\/vocab\/skos\/22682","https:\/\/adm.senado.leg.br\/vcb\/vocab\/skos\/19455","https:\/\/adm.senado.leg.br\/vcb\/vocab\/skos\/15256","https:\/\/adm.senado.leg.br\/vcb\/vocab\/skos\/22683","https:\/\/adm.senado.leg.br\/vcb\/vocab\/skos\/22684","https:\/\/adm.senado.leg.br\/vcb\/vocab\/skos\/22685","https:\/\/adm.senado.leg.br\/vcb\/vocab\/skos\/11080","https:\/\/adm.senado.leg.br\/vcb\/vocab\/skos\/22686"],"skos:broader":["https:\/\/adm.senado.leg.br\/vcb\/vocab\/skos\/2784"],"skos:altLabel":[{"language":"pt-BR","value":"Aprisionamento"}],"skos:related":["https:\/\/adm.senado.leg.br\/vcb\/vocab\/skos\/7586","https:\/\/adm.senado.leg.br\/vcb\/vocab\/skos\/395","https:\/\/adm.senado.leg.br\/vcb\/vocab\/skos\/20082","https:\/\/adm.senado.leg.br\/vcb\/vocab\/skos\/11330","https:\/\/adm.senado.leg.br\/vcb\/vocab\/skos\/7585","https:\/\/adm.senado.leg.br\/vcb\/vocab\/skos\/14625","https:\/\/adm.senado.leg.br\/vcb\/vocab\/skos\/22575","https:\/\/adm.senado.leg.br\/vcb\/vocab\/skos\/240","https:\/\/adm.senado.leg.br\/vcb\/vocab\/skos\/10522"]}