{"@context":{"dc":"http:\/\/purl.org\/dc\/elements\/1.1\/","skos":"http:\/\/www.w3.org\/2004\/02\/skos\/core#","skos:broader":{"@type":"@id"},"skos:inScheme":{"@type":"@id"},"skos:related":{"@type":"@id"},"skos:narrower":{"@type":"@id"},"skos:hasTopConcept":{"@type":"@id"},"skos:topConceptOf":{"@type":"@id"}},"@id":"https:\/\/adm.senado.leg.br\/vcb\/vocab\/skos\/831","@type":"skos:Concept","skos:prefLabel":{"@language":"pt-BR","@value=":"Acionista"},"skos:inScheme":"https:\/\/adm.senado.leg.br\/vcb\/vocab\/","dct:created":"2020-09-18 17:42:58","skos:definition":[{"@lang":"ab","@value":"Pessoa que possui uma ou mais a\u00e7\u00f5es numa sociedade financeira ou comercial.$vDICION\u00c1RIO online de portugu\u00eas. "}],"skos:editorialNote":[{"@lang":"ab","@value":"342.225 "}],"skos:narrower":["https:\/\/adm.senado.leg.br\/vcb\/vocab\/skos\/844","https:\/\/adm.senado.leg.br\/vcb\/vocab\/skos\/845","https:\/\/adm.senado.leg.br\/vcb\/vocab\/skos\/846","https:\/\/adm.senado.leg.br\/vcb\/vocab\/skos\/847","https:\/\/adm.senado.leg.br\/vcb\/vocab\/skos\/589"],"skos:broader":["https:\/\/adm.senado.leg.br\/vcb\/vocab\/skos\/843"],"skos:altLabel":[{"language":"pt-BR","value":"Acion\u00e1rio"},{"language":"pt-BR","value":"Participa\u00e7\u00e3o acion\u00e1ria"}],"skos:related":["https:\/\/adm.senado.leg.br\/vcb\/vocab\/skos\/524","https:\/\/adm.senado.leg.br\/vcb\/vocab\/skos\/834","https:\/\/adm.senado.leg.br\/vcb\/vocab\/skos\/835","https:\/\/adm.senado.leg.br\/vcb\/vocab\/skos\/836","https:\/\/adm.senado.leg.br\/vcb\/vocab\/skos\/837","https:\/\/adm.senado.leg.br\/vcb\/vocab\/skos\/838","https:\/\/adm.senado.leg.br\/vcb\/vocab\/skos\/839","https:\/\/adm.senado.leg.br\/vcb\/vocab\/skos\/591","https:\/\/adm.senado.leg.br\/vcb\/vocab\/skos\/840","https:\/\/adm.senado.leg.br\/vcb\/vocab\/skos\/841","https:\/\/adm.senado.leg.br\/vcb\/vocab\/skos\/842"]}