{"@context":{"dc":"http:\/\/purl.org\/dc\/elements\/1.1\/","skos":"http:\/\/www.w3.org\/2004\/02\/skos\/core#","skos:broader":{"@type":"@id"},"skos:inScheme":{"@type":"@id"},"skos:related":{"@type":"@id"},"skos:narrower":{"@type":"@id"},"skos:hasTopConcept":{"@type":"@id"},"skos:topConceptOf":{"@type":"@id"}},"@id":"https:\/\/adm.senado.leg.br\/vcb\/vocab\/skos\/8341","@type":"skos:Concept","skos:prefLabel":{"@language":"pt-BR","@value=":"Contraven\u00e7\u00e3o"},"skos:inScheme":"https:\/\/adm.senado.leg.br\/vcb\/vocab\/","dct:created":"2020-09-18 17:43:35","skos:definition":[{"@lang":"pt-BR","@value":"Infra\u00e7\u00e3o penal de menor gravidade, pun\u00edvel com multa e\/ou pris\u00e3o simples de no m\u00e1ximo 5 anos. Nisso se distinguem dos crimes, condutas mais graves, pun\u00edveis com deten\u00e7\u00e3o ou reclus\u00e3o por at\u00e9 40 anos (cf. Decreto-Lei 3.688\/41).$uhttps:\/\/www12.senado.leg.br\/manualdecomunicacao\/guia-juridico\/contravencao "}],"skos:broader":["https:\/\/adm.senado.leg.br\/vcb\/vocab\/skos\/4093"],"skos:related":["https:\/\/adm.senado.leg.br\/vcb\/vocab\/skos\/8340","https:\/\/adm.senado.leg.br\/vcb\/vocab\/skos\/2932"]}