{"@context":{"dc":"http:\/\/purl.org\/dc\/elements\/1.1\/","skos":"http:\/\/www.w3.org\/2004\/02\/skos\/core#","skos:broader":{"@type":"@id"},"skos:inScheme":{"@type":"@id"},"skos:related":{"@type":"@id"},"skos:narrower":{"@type":"@id"},"skos:hasTopConcept":{"@type":"@id"},"skos:topConceptOf":{"@type":"@id"}},"@id":"https:\/\/adm.senado.leg.br\/vcb\/vocab\/skos\/8382","@type":"skos:Concept","skos:prefLabel":{"@language":"pt-BR","@value=":"Conflito \u00e1rabe-israelense"},"skos:inScheme":"https:\/\/adm.senado.leg.br\/vcb\/vocab\/","dct:created":"2020-09-18 17:43:35","skos:scopeNote":[{"@lang":"ab","@value":"Usar para obras que tratam dos conflitos pol\u00edticos e militares entre \u00e1rabes e israelenses incluindo as quest\u00f5es dos direitos nacionais na \u00e1rea Palestina iniciados em 1948. Acrescentar especificador cronol\u00f3gico (ano), quando necess\u00e1rio "}],"skos:editorialNote":[{"@lang":"ab","@value":"341.161 "}],"skos:altLabel":[{"language":"pt-BR","value":"Conflito internacional, Israel, Palestina"},{"language":"pt-BR","value":"Conflito Israel Palestina"},{"language":"pt-BR","value":"Conflito Palestina Israel"}],"skos:related":["https:\/\/adm.senado.leg.br\/vcb\/vocab\/skos\/5489","https:\/\/adm.senado.leg.br\/vcb\/vocab\/skos\/1490"]}