{"@context":{"dc":"http:\/\/purl.org\/dc\/elements\/1.1\/","skos":"http:\/\/www.w3.org\/2004\/02\/skos\/core#","skos:broader":{"@type":"@id"},"skos:inScheme":{"@type":"@id"},"skos:related":{"@type":"@id"},"skos:narrower":{"@type":"@id"},"skos:hasTopConcept":{"@type":"@id"},"skos:topConceptOf":{"@type":"@id"}},"@id":"https:\/\/adm.senado.leg.br\/vcb\/vocab\/skos\/8387","@type":"skos:Concept","skos:prefLabel":{"@language":"pt-BR","@value=":"Conflito trabalhista"},"skos:inScheme":"https:\/\/adm.senado.leg.br\/vcb\/vocab\/","dct:created":"2020-09-18 17:43:35","skos:definition":[{"@lang":"ab","@value":"\"Toda oposi\u00e7\u00e3o ocasional de interesses, pretens\u00f5es ou atitudes entre um patr\u00e3o ou v\u00e1rios empres\u00e1rios, de uma parte, e um ou mais trabalhadores a seu servi\u00e7o, por outro lado, sempre que se origine do trabalho, e pretenda solu\u00e7\u00e3o mais ou menos coativa sobre o setor oposto.\" (NASCIMENTO apud Alcal\u00e1-Zamora e Cabanellas). "}],"skos:editorialNote":[{"@lang":"ab","@value":"342.66 "}],"skos:narrower":["https:\/\/adm.senado.leg.br\/vcb\/vocab\/skos\/924","https:\/\/adm.senado.leg.br\/vcb\/vocab\/skos\/961"],"skos:broader":["https:\/\/adm.senado.leg.br\/vcb\/vocab\/skos\/7758"],"skos:altLabel":[{"language":"pt-BR","value":"Conflito de trabalho"}],"skos:related":["https:\/\/adm.senado.leg.br\/vcb\/vocab\/skos\/8434","https:\/\/adm.senado.leg.br\/vcb\/vocab\/skos\/8433","https:\/\/adm.senado.leg.br\/vcb\/vocab\/skos\/3001","https:\/\/adm.senado.leg.br\/vcb\/vocab\/skos\/928","https:\/\/adm.senado.leg.br\/vcb\/vocab\/skos\/387"]}