{"@context":{"dc":"http:\/\/purl.org\/dc\/elements\/1.1\/","skos":"http:\/\/www.w3.org\/2004\/02\/skos\/core#","skos:broader":{"@type":"@id"},"skos:inScheme":{"@type":"@id"},"skos:related":{"@type":"@id"},"skos:narrower":{"@type":"@id"},"skos:hasTopConcept":{"@type":"@id"},"skos:topConceptOf":{"@type":"@id"}},"@id":"https:\/\/adm.senado.leg.br\/vcb\/vocab\/skos\/8395","@type":"skos:Concept","skos:prefLabel":{"@language":"pt-BR","@value=":"Fronteiras"},"skos:inScheme":"https:\/\/adm.senado.leg.br\/vcb\/vocab\/","dct:created":"2020-09-18 17:43:35","skos:scopeNote":[{"@lang":"ab","@value":"Usar para quest\u00f5es de fronteiras externas de um pa\u00eds ou de uma regi\u00e3o geogr\u00e1fica maior que um pa\u00eds, por exemplo: continente. Sempre que necess\u00e1rio, acrescentar o nome geogr\u00e1fico. Para mais de um nome geogr\u00e1fico, transcrever em ordem alfab\u00e9tica, a n\u00e3o ser que haja o Brasil, que vir\u00e1 em primeiro lugar. Ex.: Fronteiras, Chile; Fronteiras, Am\u00e9rica Espanhola; Fronteiras, Oriente M\u00e9dio; Fronteiras, Equador, Peru; Fronteiras, Brasil, Argentina. "}],"skos:editorialNote":[{"@lang":"ab","@value":"341.1222 "}],"skos:narrower":["https:\/\/adm.senado.leg.br\/vcb\/vocab\/skos\/8394"],"skos:broader":["https:\/\/adm.senado.leg.br\/vcb\/vocab\/skos\/13752"],"skos:altLabel":[{"language":"pt-BR","value":"Fronteiras internacionais"},{"language":"pt-BR","value":"Fronteiras naturais"},{"language":"pt-BR","value":"Fronteiras pol\u00edticas"}],"skos:related":["https:\/\/adm.senado.leg.br\/vcb\/vocab\/skos\/2667","https:\/\/adm.senado.leg.br\/vcb\/vocab\/skos\/10632","https:\/\/adm.senado.leg.br\/vcb\/vocab\/skos\/14834"]}