{"@context":{"dc":"http:\/\/purl.org\/dc\/elements\/1.1\/","skos":"http:\/\/www.w3.org\/2004\/02\/skos\/core#","skos:broader":{"@type":"@id"},"skos:inScheme":{"@type":"@id"},"skos:related":{"@type":"@id"},"skos:narrower":{"@type":"@id"},"skos:hasTopConcept":{"@type":"@id"},"skos:topConceptOf":{"@type":"@id"}},"@id":"https:\/\/adm.senado.leg.br\/vcb\/vocab\/skos\/840","@type":"skos:Concept","skos:prefLabel":{"@language":"pt-BR","@value=":"Governan\u00e7a corporativa"},"skos:inScheme":"https:\/\/adm.senado.leg.br\/vcb\/vocab\/","dct:created":"2020-09-18 17:42:58","skos:definition":[{"@lang":"ab","@value":"\"[...] refere-se \u00e0s decis\u00f5es tomadas pelo alto escal\u00e3o executivo da empresa e aos impactos causados por essas decis\u00f5es nos v\u00e1rios p\u00fablicos interessados.\" (DICION\u00c1RIO enciclop\u00e9dico de administra\u00e7\u00e3o, 2003, p. 694). "},{"@lang":"ab","@value":"Pode ser entendida como o sistema pelo qual as organiza\u00e7\u00f5es s\u00e3o dirigidas e controladas (CADBURY, 1992; ABNT NBR ISO\/IEC 38500, 2009). Refere-se ao conjunto de mecanismos de converg\u00eancia de interesses de atores direta e indiretamente impactados pelas atividades das organiza\u00e7\u00f5es (SHLEIFER; VISHNY, 1997), mecanismos esses que protegem os investidores externos da expropria\u00e7\u00e3o pelos internos (gestores e acionistas controladores) (LA PORTA et al., 2000).$vBRASIL. Tribunal de Contas da Uni\u00e3o. Referencial b\u00e1sico de governan\u00e7a aplic\u00e1vel a \u00f3rg\u00e3os e entidades da administra\u00e7\u00e3o p\u00fablica. Vers\u00e3o 2. Bras\u00edlia: TCU, Secretaria de Planejamento, Governan\u00e7a e Gest\u00e3o, 2014 "}],"skos:broader":["https:\/\/adm.senado.leg.br\/vcb\/vocab\/skos\/1284"],"skos:related":["https:\/\/adm.senado.leg.br\/vcb\/vocab\/skos\/831","https:\/\/adm.senado.leg.br\/vcb\/vocab\/skos\/834","https:\/\/adm.senado.leg.br\/vcb\/vocab\/skos\/3562","https:\/\/adm.senado.leg.br\/vcb\/vocab\/skos\/838","https:\/\/adm.senado.leg.br\/vcb\/vocab\/skos\/5547","https:\/\/adm.senado.leg.br\/vcb\/vocab\/skos\/1141","https:\/\/adm.senado.leg.br\/vcb\/vocab\/skos\/15767","https:\/\/adm.senado.leg.br\/vcb\/vocab\/skos\/15768","https:\/\/adm.senado.leg.br\/vcb\/vocab\/skos\/5006","https:\/\/adm.senado.leg.br\/vcb\/vocab\/skos\/29852"]}