{"@context":{"dc":"http:\/\/purl.org\/dc\/elements\/1.1\/","skos":"http:\/\/www.w3.org\/2004\/02\/skos\/core#","skos:broader":{"@type":"@id"},"skos:inScheme":{"@type":"@id"},"skos:related":{"@type":"@id"},"skos:narrower":{"@type":"@id"},"skos:hasTopConcept":{"@type":"@id"},"skos:topConceptOf":{"@type":"@id"}},"@id":"https:\/\/adm.senado.leg.br\/vcb\/vocab\/skos\/8412","@type":"skos:Concept","skos:prefLabel":{"@language":"pt-BR","@value=":"Conflito \u00e9tnico"},"skos:inScheme":"https:\/\/adm.senado.leg.br\/vcb\/vocab\/","dct:created":"2020-09-18 17:43:35","skos:broader":["https:\/\/adm.senado.leg.br\/vcb\/vocab\/skos\/7199","https:\/\/adm.senado.leg.br\/vcb\/vocab\/skos\/12085"],"skos:altLabel":[{"language":"pt-BR","value":"Conflitos \u00e9tnicos"},{"language":"pt-BR","value":"Viol\u00eancia \u00e9tnica"}],"skos:related":["https:\/\/adm.senado.leg.br\/vcb\/vocab\/skos\/8415","https:\/\/adm.senado.leg.br\/vcb\/vocab\/skos\/8416","https:\/\/adm.senado.leg.br\/vcb\/vocab\/skos\/8417","https:\/\/adm.senado.leg.br\/vcb\/vocab\/skos\/2649","https:\/\/adm.senado.leg.br\/vcb\/vocab\/skos\/8418","https:\/\/adm.senado.leg.br\/vcb\/vocab\/skos\/2648"]}