{"@context":{"dc":"http:\/\/purl.org\/dc\/elements\/1.1\/","skos":"http:\/\/www.w3.org\/2004\/02\/skos\/core#","skos:broader":{"@type":"@id"},"skos:inScheme":{"@type":"@id"},"skos:related":{"@type":"@id"},"skos:narrower":{"@type":"@id"},"skos:hasTopConcept":{"@type":"@id"},"skos:topConceptOf":{"@type":"@id"}},"@id":"https:\/\/adm.senado.leg.br\/vcb\/vocab\/skos\/8426","@type":"skos:Concept","skos:prefLabel":{"@language":"pt-BR","@value=":"Ocupa\u00e7\u00e3o militar"},"skos:inScheme":"https:\/\/adm.senado.leg.br\/vcb\/vocab\/","dct:created":"2020-09-18 17:43:35","skos:scopeNote":[{"@lang":"pt-BR","@value":"N\u00e3o confundir com 'Opera\u00e7\u00e3o militar' "}],"skos:definition":[{"@lang":"pt-BR","@value":"No dom\u00ednio do direito internacional da Paz e da Guerra, o termo ocupa\u00e7\u00e3o traduz o ato da pot\u00eancia ocupante de estacionar as suas tropas no territ\u00f3rio da pot\u00eancia ocupada (a ocupa\u00e7\u00e3o do Iraque pelo ex\u00e9rcito americano, por exemplo), quer com inten\u00e7\u00e3o beligerante contra a pot\u00eancia ocupada, quer com inten\u00e7\u00e3o de atacar pot\u00eancia terceira (a ocupa\u00e7\u00e3o da Base das Lajes nos A\u00e7ores pelos americanos).$uhttps:\/\/pt.wikipedia.org\/wiki\/Ocupa%C3%A7%C3%A3o_estrangeira "}],"skos:editorialNote":[{"@lang":"pt-BR","@value":"341.1324 "}],"skos:broader":["https:\/\/adm.senado.leg.br\/vcb\/vocab\/skos\/5489"],"skos:altLabel":[{"language":"pt-BR","value":"For\u00e7as de ocupa\u00e7\u00e3o"},{"language":"pt-BR","value":"Invas\u00e3o militar"},{"language":"pt-BR","value":"Ocupa\u00e7\u00e3o estrangeira"},{"language":"pt-BR","value":"Ocupa\u00e7\u00e3o territorial"}],"skos:related":["https:\/\/adm.senado.leg.br\/vcb\/vocab\/skos\/1289"]}