{"@context":{"dc":"http:\/\/purl.org\/dc\/elements\/1.1\/","skos":"http:\/\/www.w3.org\/2004\/02\/skos\/core#","skos:broader":{"@type":"@id"},"skos:inScheme":{"@type":"@id"},"skos:related":{"@type":"@id"},"skos:narrower":{"@type":"@id"},"skos:hasTopConcept":{"@type":"@id"},"skos:topConceptOf":{"@type":"@id"}},"@id":"https:\/\/adm.senado.leg.br\/vcb\/vocab\/skos\/8431","@type":"skos:Concept","skos:prefLabel":{"@language":"pt-BR","@value=":"Tumulto"},"skos:inScheme":"https:\/\/adm.senado.leg.br\/vcb\/vocab\/","dct:created":"2020-09-18 17:43:35","skos:definition":[{"@lang":"ab","@value":"Um tumulto ou dist\u00farbio civil pode ser definido como um conflito humano ocorrido nas ruas, nas quais v\u00ea-se alterada a paz social mediante viol\u00eancia.$uhttps:\/\/pt.wikipedia.org\/wiki\/Tumulto "}],"skos:narrower":["https:\/\/adm.senado.leg.br\/vcb\/vocab\/skos\/8428","https:\/\/adm.senado.leg.br\/vcb\/vocab\/skos\/12088","https:\/\/adm.senado.leg.br\/vcb\/vocab\/skos\/3942"],"skos:broader":["https:\/\/adm.senado.leg.br\/vcb\/vocab\/skos\/1914"],"skos:altLabel":[{"language":"pt-BR","value":"Agita\u00e7\u00e3o social"},{"language":"pt-BR","value":"Altera\u00e7\u00e3o civil"},{"language":"pt-BR","value":"Dist\u00farbio civil"},{"language":"pt-BR","value":"Dist\u00farbios"},{"language":"pt-BR","value":"Revolta"},{"language":"pt-BR","value":"Subleva\u00e7\u00e3o"}],"skos:related":["https:\/\/adm.senado.leg.br\/vcb\/vocab\/skos\/7199","https:\/\/adm.senado.leg.br\/vcb\/vocab\/skos\/10444","https:\/\/adm.senado.leg.br\/vcb\/vocab\/skos\/8388","https:\/\/adm.senado.leg.br\/vcb\/vocab\/skos\/12085","https:\/\/adm.senado.leg.br\/vcb\/vocab\/skos\/12086","https:\/\/adm.senado.leg.br\/vcb\/vocab\/skos\/7918","https:\/\/adm.senado.leg.br\/vcb\/vocab\/skos\/9083","https:\/\/adm.senado.leg.br\/vcb\/vocab\/skos\/1679","https:\/\/adm.senado.leg.br\/vcb\/vocab\/skos\/12087"]}