{"@context":{"dc":"http:\/\/purl.org\/dc\/elements\/1.1\/","skos":"http:\/\/www.w3.org\/2004\/02\/skos\/core#","skos:broader":{"@type":"@id"},"skos:inScheme":{"@type":"@id"},"skos:related":{"@type":"@id"},"skos:narrower":{"@type":"@id"},"skos:hasTopConcept":{"@type":"@id"},"skos:topConceptOf":{"@type":"@id"}},"@id":"https:\/\/adm.senado.leg.br\/vcb\/vocab\/skos\/8481","@type":"skos:Concept","skos:prefLabel":{"@language":"pt-BR","@value=":"Conhecimento nas organiza\u00e7\u00f5es"},"skos:inScheme":"https:\/\/adm.senado.leg.br\/vcb\/vocab\/","dct:created":"2020-09-18 17:43:35","skos:definition":[{"@lang":"ab","@value":"Conhecimento constru\u00eddo coletivamente a partir das trocas e compartilhamentos de experi\u00eancias, que alimenta a aprendizagem organizacional por meio da intera\u00e7\u00e3o cont\u00ednua entre o conhecimento t\u00e1cito e o conhecimento expl\u00edcito dos indiv\u00edduos da organiza\u00e7\u00e3o. "}],"skos:narrower":["https:\/\/adm.senado.leg.br\/vcb\/vocab\/skos\/8120"],"skos:broader":["https:\/\/adm.senado.leg.br\/vcb\/vocab\/skos\/1097"],"skos:altLabel":[{"language":"pt-BR","value":"Conhecimento organizacional"}],"skos:related":["https:\/\/adm.senado.leg.br\/vcb\/vocab\/skos\/29374"]}