{"@context":{"dc":"http:\/\/purl.org\/dc\/elements\/1.1\/","skos":"http:\/\/www.w3.org\/2004\/02\/skos\/core#","skos:broader":{"@type":"@id"},"skos:inScheme":{"@type":"@id"},"skos:related":{"@type":"@id"},"skos:narrower":{"@type":"@id"},"skos:hasTopConcept":{"@type":"@id"},"skos:topConceptOf":{"@type":"@id"}},"@id":"https:\/\/adm.senado.leg.br\/vcb\/vocab\/skos\/8563","@type":"skos:Concept","skos:prefLabel":{"@language":"pt-BR","@value=":"Poder (ci\u00eancias sociais)"},"skos:inScheme":"https:\/\/adm.senado.leg.br\/vcb\/vocab\/","dct:created":"2020-09-18 17:43:36","dct:modified":"2021-10-26 09:12:02","skos:definition":[{"@lang":"ab","@value":"Para o soci\u00f3logo alem\u00e3o\u00a0Max Weber, poder \u00e9 a\u00a0imposi\u00e7\u00e3o da vontade de uma pessoa ou institui\u00e7\u00e3o sobre os indiv\u00edduos. Essa imposi\u00e7\u00e3o \u00e9 direta e deliberada e pode ter aceita\u00e7\u00e3o como for\u00e7a de ordem ou n\u00e3o. Quando as pessoas submetidas ao poder de algu\u00e9m aceitam a ordem, h\u00e1 uma transi\u00e7\u00e3o de for\u00e7as do \u00e2mbito do poder para o \u00e2mbito da domina\u00e7\u00e3o, ou seja, a pessoa que aceita a imposi\u00e7\u00e3o de ordem submete-se \u00e0 autoridade da outra. "}],"skos:narrower":["https:\/\/adm.senado.leg.br\/vcb\/vocab\/skos\/28648","https:\/\/adm.senado.leg.br\/vcb\/vocab\/skos\/7189","https:\/\/adm.senado.leg.br\/vcb\/vocab\/skos\/7204"],"skos:broader":["https:\/\/adm.senado.leg.br\/vcb\/vocab\/skos\/2705"],"skos:altLabel":[{"language":"pt-BR","value":"Empoderamento (ci\u00eancias sociais)"},{"language":"pt-BR","value":"Poder"},{"language":"pt-BR","value":"Poder pol\u00edtico"},{"language":"pt-BR","value":"Poder social"}],"skos:related":["https:\/\/adm.senado.leg.br\/vcb\/vocab\/skos\/8562","https:\/\/adm.senado.leg.br\/vcb\/vocab\/skos\/11651","https:\/\/adm.senado.leg.br\/vcb\/vocab\/skos\/28644","https:\/\/adm.senado.leg.br\/vcb\/vocab\/skos\/4233","https:\/\/adm.senado.leg.br\/vcb\/vocab\/skos\/7203","https:\/\/adm.senado.leg.br\/vcb\/vocab\/skos\/249","https:\/\/adm.senado.leg.br\/vcb\/vocab\/skos\/9904","https:\/\/adm.senado.leg.br\/vcb\/vocab\/skos\/16382"]}