{"@context":{"dc":"http:\/\/purl.org\/dc\/elements\/1.1\/","skos":"http:\/\/www.w3.org\/2004\/02\/skos\/core#","skos:broader":{"@type":"@id"},"skos:inScheme":{"@type":"@id"},"skos:related":{"@type":"@id"},"skos:narrower":{"@type":"@id"},"skos:hasTopConcept":{"@type":"@id"},"skos:topConceptOf":{"@type":"@id"}},"@id":"https:\/\/adm.senado.leg.br\/vcb\/vocab\/skos\/8604","@type":"skos:Concept","skos:prefLabel":{"@language":"pt-BR","@value=":"Consolida\u00e7\u00e3o legislativa"},"skos:inScheme":"https:\/\/adm.senado.leg.br\/vcb\/vocab\/","dct:created":"2020-09-18 17:43:36","skos:definition":[{"@lang":"ab","@value":"Reuni\u00e3o sistem\u00e1tica, em um s\u00f3 corpo, de leis ou decretos esparsos relativos a mesma mat\u00e9ria. "}],"skos:editorialNote":[{"@lang":"ab","@value":"340.32 "}],"skos:broader":["https:\/\/adm.senado.leg.br\/vcb\/vocab\/skos\/11359"],"skos:altLabel":[{"language":"pt-BR","value":"Consolida\u00e7\u00e3o das leis"}],"skos:related":["https:\/\/adm.senado.leg.br\/vcb\/vocab\/skos\/2452","https:\/\/adm.senado.leg.br\/vcb\/vocab\/skos\/9548"]}