{"@context":{"dc":"http:\/\/purl.org\/dc\/elements\/1.1\/","skos":"http:\/\/www.w3.org\/2004\/02\/skos\/core#","skos:broader":{"@type":"@id"},"skos:inScheme":{"@type":"@id"},"skos:related":{"@type":"@id"},"skos:narrower":{"@type":"@id"},"skos:hasTopConcept":{"@type":"@id"},"skos:topConceptOf":{"@type":"@id"}},"@id":"https:\/\/adm.senado.leg.br\/vcb\/vocab\/skos\/8622","@type":"skos:Concept","skos:prefLabel":{"@language":"pt-BR","@value=":"Governan\u00e7a multin\u00edvel"},"skos:inScheme":"https:\/\/adm.senado.leg.br\/vcb\/vocab\/","dct:created":"2020-09-18 17:43:36","skos:definition":[{"@lang":"ab","@value":"Compartilhamento de poder e gest\u00e3o que se materializa em espa\u00e7os de negocia\u00e7\u00e3o flu\u00eddos e flex\u00edveis entre os n\u00edveis governamentais e os demais atores sociais para condu\u00e7\u00e3o de interesses coletivos, pressupondo 'equil\u00edbrio din\u00e2mico entre autonomia, inser\u00e7\u00e3o e regula\u00e7\u00e3o de m\u00faltiplos atores.'$vKNOPP, G. Governan\u00e7a social, territ\u00f3rio e desenvolvimento. Perspectivas em Pol\u00edticas P\u00fablicas, 4(8), p. 53-74, 2011 "}],"skos:broader":["https:\/\/adm.senado.leg.br\/vcb\/vocab\/skos\/1284"],"skos:altLabel":[{"language":"pt-BR","value":"Governan\u00e7a territorial multin\u00edvel"}],"skos:related":["https:\/\/adm.senado.leg.br\/vcb\/vocab\/skos\/8618","https:\/\/adm.senado.leg.br\/vcb\/vocab\/skos\/15768"]}