{"@context":{"dc":"http:\/\/purl.org\/dc\/elements\/1.1\/","skos":"http:\/\/www.w3.org\/2004\/02\/skos\/core#","skos:broader":{"@type":"@id"},"skos:inScheme":{"@type":"@id"},"skos:related":{"@type":"@id"},"skos:narrower":{"@type":"@id"},"skos:hasTopConcept":{"@type":"@id"},"skos:topConceptOf":{"@type":"@id"}},"@id":"https:\/\/adm.senado.leg.br\/vcb\/vocab\/skos\/867","@type":"skos:Concept","skos:prefLabel":{"@language":"pt-BR","@value=":"Capital social (contabilidade)"},"skos:inScheme":"https:\/\/adm.senado.leg.br\/vcb\/vocab\/","dct:created":"2020-09-18 17:42:59","skos:definition":[{"@lang":"ab","@value":"Capital Social \u00e9 o valor, a integralizar ou integralizado, correspondente \u00e0 contra-partida do titular, s\u00f3cios ou acionistas de um empreendimento, para o in\u00edcio ou a manuten\u00e7\u00e3o dos neg\u00f3cios.$vPORTAL DE CONTABILIDADE. Capital social. "}],"skos:narrower":["https:\/\/adm.senado.leg.br\/vcb\/vocab\/skos\/6100","https:\/\/adm.senado.leg.br\/vcb\/vocab\/skos\/868"],"skos:broader":["https:\/\/adm.senado.leg.br\/vcb\/vocab\/skos\/876"],"skos:related":["https:\/\/adm.senado.leg.br\/vcb\/vocab\/skos\/524","https:\/\/adm.senado.leg.br\/vcb\/vocab\/skos\/4318","https:\/\/adm.senado.leg.br\/vcb\/vocab\/skos\/5075","https:\/\/adm.senado.leg.br\/vcb\/vocab\/skos\/3982","https:\/\/adm.senado.leg.br\/vcb\/vocab\/skos\/591","https:\/\/adm.senado.leg.br\/vcb\/vocab\/skos\/6080"]}