{"@context":{"dc":"http:\/\/purl.org\/dc\/elements\/1.1\/","skos":"http:\/\/www.w3.org\/2004\/02\/skos\/core#","skos:broader":{"@type":"@id"},"skos:inScheme":{"@type":"@id"},"skos:related":{"@type":"@id"},"skos:narrower":{"@type":"@id"},"skos:hasTopConcept":{"@type":"@id"},"skos:topConceptOf":{"@type":"@id"}},"@id":"https:\/\/adm.senado.leg.br\/vcb\/vocab\/skos\/884","@type":"skos:Concept","skos:prefLabel":{"@language":"pt-BR","@value=":"Fiscaliza\u00e7\u00e3o (controle externo)"},"skos:inScheme":"https:\/\/adm.senado.leg.br\/vcb\/vocab\/","dct:created":"2020-09-18 17:42:59","dct:modified":"2021-10-26 09:43:38","skos:definition":[{"@lang":"ab","@value":"No \u00e2mbito do TCU \u00e9 o poder-dever de vigil\u00e2ncia, exame ou verifica\u00e7\u00e3o dos \u00f3rg\u00e3os a que a lei atribui a fun\u00e7\u00e3o de exercer um controle p\u00fablico. A fiscaliza\u00e7\u00e3o cont\u00e1bil, financeira, or\u00e7ament\u00e1ria, operacional e patrimonial da Uni\u00e3o \u00e9 exercida pelo Congresso Nacional, mediante controle externo exercido com aux\u00edlio do Tribunal de Contas da Uni\u00e3o. Tal fiscaliza\u00e7\u00e3o \u00e9 exercida por iniciativa pr\u00f3pria ou do Congresso Nacional, mediante instrumentos de fiscaliza\u00e7\u00e3o previstos no Regimento Interno do TCU.$vBRASIL. Tribunal de Contas da Uni\u00e3o. Gloss\u00e1rio de Termos do Controle Externo. 2013 "}],"skos:narrower":["https:\/\/adm.senado.leg.br\/vcb\/vocab\/skos\/8355","https:\/\/adm.senado.leg.br\/vcb\/vocab\/skos\/9229","https:\/\/adm.senado.leg.br\/vcb\/vocab\/skos\/4287","https:\/\/adm.senado.leg.br\/vcb\/vocab\/skos\/8537","https:\/\/adm.senado.leg.br\/vcb\/vocab\/skos\/15202","https:\/\/adm.senado.leg.br\/vcb\/vocab\/skos\/4297","https:\/\/adm.senado.leg.br\/vcb\/vocab\/skos\/9293","https:\/\/adm.senado.leg.br\/vcb\/vocab\/skos\/4316","https:\/\/adm.senado.leg.br\/vcb\/vocab\/skos\/15204","https:\/\/adm.senado.leg.br\/vcb\/vocab\/skos\/14694","https:\/\/adm.senado.leg.br\/vcb\/vocab\/skos\/15196"],"skos:broader":["https:\/\/adm.senado.leg.br\/vcb\/vocab\/skos\/424"],"skos:related":["https:\/\/adm.senado.leg.br\/vcb\/vocab\/skos\/883","https:\/\/adm.senado.leg.br\/vcb\/vocab\/skos\/737","https:\/\/adm.senado.leg.br\/vcb\/vocab\/skos\/838","https:\/\/adm.senado.leg.br\/vcb\/vocab\/skos\/10034","https:\/\/adm.senado.leg.br\/vcb\/vocab\/skos\/15192","https:\/\/adm.senado.leg.br\/vcb\/vocab\/skos\/885","https:\/\/adm.senado.leg.br\/vcb\/vocab\/skos\/890","https:\/\/adm.senado.leg.br\/vcb\/vocab\/skos\/886","https:\/\/adm.senado.leg.br\/vcb\/vocab\/skos\/887","https:\/\/adm.senado.leg.br\/vcb\/vocab\/skos\/15193","https:\/\/adm.senado.leg.br\/vcb\/vocab\/skos\/15194","https:\/\/adm.senado.leg.br\/vcb\/vocab\/skos\/8467","https:\/\/adm.senado.leg.br\/vcb\/vocab\/skos\/8189"]}