{"@context":{"dc":"http:\/\/purl.org\/dc\/elements\/1.1\/","skos":"http:\/\/www.w3.org\/2004\/02\/skos\/core#","skos:broader":{"@type":"@id"},"skos:inScheme":{"@type":"@id"},"skos:related":{"@type":"@id"},"skos:narrower":{"@type":"@id"},"skos:hasTopConcept":{"@type":"@id"},"skos:topConceptOf":{"@type":"@id"}},"@id":"https:\/\/adm.senado.leg.br\/vcb\/vocab\/skos\/8912","@type":"skos:Concept","skos:prefLabel":{"@language":"pt-BR","@value=":"Rescis\u00e3o contratual"},"skos:inScheme":"https:\/\/adm.senado.leg.br\/vcb\/vocab\/","dct:created":"2020-09-18 17:43:38","dct:modified":"2021-04-17 08:24:57","skos:definition":[{"@lang":"ab","@value":"Inexecu\u00e7\u00e3o total ou parcial de condi\u00e7\u00f5es aven\u00e7adas pode acarretar rescis\u00e3o (rompimento) do contrato, com as consequ\u00eancias contratuais e as previstas em lei ou regulamento, conforme disposto nos artigos 77 a 80 da Lei no 8.666\/1993.$vBRASIL. Tribunal de Contas da Uni\u00e3o (TCU). Licita\u00e7\u00f5es e contratos: orienta\u00e7\u00f5es e jurisprud\u00eancia do TCU. 4. ed. Bras\u00edlia, DF: VCE677TCU, Secretaria-Geral da Presid\u00eancia : Senado Federal, Secretaria Especial de Editora\u00e7\u00e3o e Publica\u00e7\u00f5es, 2010. 910 p "}],"skos:editorialNote":[{"@lang":"ab","@value":"342.1449 "}],"skos:narrower":["https:\/\/adm.senado.leg.br\/vcb\/vocab\/skos\/23861","https:\/\/adm.senado.leg.br\/vcb\/vocab\/skos\/23862","https:\/\/adm.senado.leg.br\/vcb\/vocab\/skos\/23863","https:\/\/adm.senado.leg.br\/vcb\/vocab\/skos\/14789","https:\/\/adm.senado.leg.br\/vcb\/vocab\/skos\/7310"],"skos:broader":["https:\/\/adm.senado.leg.br\/vcb\/vocab\/skos\/2144","https:\/\/adm.senado.leg.br\/vcb\/vocab\/skos\/4106","https:\/\/adm.senado.leg.br\/vcb\/vocab\/skos\/166"],"skos:altLabel":[{"language":"pt-BR","value":"Contrato de rescis\u00e3o"},{"language":"pt-BR","value":"Contrato, rescis\u00e3o"},{"language":"pt-BR","value":"Rescis\u00e3o"},{"language":"pt-BR","value":"Rescis\u00e3o de contrato"},{"language":"pt-BR","value":"Rescis\u00e3o do contrato"}],"skos:related":["https:\/\/adm.senado.leg.br\/vcb\/vocab\/skos\/33","https:\/\/adm.senado.leg.br\/vcb\/vocab\/skos\/4622","https:\/\/adm.senado.leg.br\/vcb\/vocab\/skos\/7249","https:\/\/adm.senado.leg.br\/vcb\/vocab\/skos\/965","https:\/\/adm.senado.leg.br\/vcb\/vocab\/skos\/38","https:\/\/adm.senado.leg.br\/vcb\/vocab\/skos\/7309","https:\/\/adm.senado.leg.br\/vcb\/vocab\/skos\/2154","https:\/\/adm.senado.leg.br\/vcb\/vocab\/skos\/1384","https:\/\/adm.senado.leg.br\/vcb\/vocab\/skos\/8948","https:\/\/adm.senado.leg.br\/vcb\/vocab\/skos\/8911","https:\/\/adm.senado.leg.br\/vcb\/vocab\/skos\/29437","https:\/\/adm.senado.leg.br\/vcb\/vocab\/skos\/21136","https:\/\/adm.senado.leg.br\/vcb\/vocab\/skos\/12912"]}