{"@context":{"dc":"http:\/\/purl.org\/dc\/elements\/1.1\/","skos":"http:\/\/www.w3.org\/2004\/02\/skos\/core#","skos:broader":{"@type":"@id"},"skos:inScheme":{"@type":"@id"},"skos:related":{"@type":"@id"},"skos:narrower":{"@type":"@id"},"skos:hasTopConcept":{"@type":"@id"},"skos:topConceptOf":{"@type":"@id"}},"@id":"https:\/\/adm.senado.leg.br\/vcb\/vocab\/skos\/8944","@type":"skos:Concept","skos:prefLabel":{"@language":"pt-BR","@value=":"Contrata\u00e7\u00e3o p\u00fablica"},"skos:inScheme":"https:\/\/adm.senado.leg.br\/vcb\/vocab\/","dct:created":"2020-09-18 17:43:39","skos:definition":[{"@lang":"ab","@value":"Na administra\u00e7\u00e3o p\u00fablica \u00e9 uma sequ\u00eancia de atos e procedimentos que desencadeia, na maioria dos casos, na assinatura e execu\u00e7\u00e3o de instrumento contratual. Basicamente o processo de contrata\u00e7\u00e3o passa por um ciclo composto por tr\u00eas etapas, o planejamento da contrata\u00e7\u00e3o, a sele\u00e7\u00e3o do fornecedor e a execu\u00e7\u00e3o do contrato. Al\u00e9m dessas tr\u00eas etapas, podemos elencar v\u00e1rias outras etapas complementares, como as fases de execu\u00e7\u00e3o do pagamento (empenho, liquida\u00e7\u00e3o e pagamento), as fases dos processos internos, como as autoriza\u00e7\u00f5es das autoridades respons\u00e1veis, a aprecia\u00e7\u00e3o do setor jur\u00eddico e a verifica\u00e7\u00e3o de disponibilidade or\u00e7ament\u00e1ria.$uhttps:\/\/jus.com.br\/artigos\/62806\/as-fases-e-etapas-do-processo-de-contratacao-no-setor-publico "}],"skos:editorialNote":[{"@lang":"ab","@value":"341.352 "}],"skos:narrower":["https:\/\/adm.senado.leg.br\/vcb\/vocab\/skos\/5092","https:\/\/adm.senado.leg.br\/vcb\/vocab\/skos\/8254","https:\/\/adm.senado.leg.br\/vcb\/vocab\/skos\/8884","https:\/\/adm.senado.leg.br\/vcb\/vocab\/skos\/5852","https:\/\/adm.senado.leg.br\/vcb\/vocab\/skos\/8890","https:\/\/adm.senado.leg.br\/vcb\/vocab\/skos\/9580"],"skos:broader":["https:\/\/adm.senado.leg.br\/vcb\/vocab\/skos\/1093","https:\/\/adm.senado.leg.br\/vcb\/vocab\/skos\/1281"],"skos:altLabel":[{"language":"pt-BR","value":"Compra p\u00fablica"},{"language":"pt-BR","value":"Compras p\u00fablicas"},{"language":"pt-BR","value":"Contrata\u00e7\u00e3o"},{"language":"pt-BR","value":"Contrata\u00e7\u00f5es na Administra\u00e7\u00e3o P\u00fablica"},{"language":"pt-BR","value":"Contrata\u00e7\u00f5es p\u00fablicas"}],"skos:related":["https:\/\/adm.senado.leg.br\/vcb\/vocab\/skos\/7249","https:\/\/adm.senado.leg.br\/vcb\/vocab\/skos\/1078","https:\/\/adm.senado.leg.br\/vcb\/vocab\/skos\/16553","https:\/\/adm.senado.leg.br\/vcb\/vocab\/skos\/23482","https:\/\/adm.senado.leg.br\/vcb\/vocab\/skos\/6448"]}