{"@context":{"dc":"http:\/\/purl.org\/dc\/elements\/1.1\/","skos":"http:\/\/www.w3.org\/2004\/02\/skos\/core#","skos:broader":{"@type":"@id"},"skos:inScheme":{"@type":"@id"},"skos:related":{"@type":"@id"},"skos:narrower":{"@type":"@id"},"skos:hasTopConcept":{"@type":"@id"},"skos:topConceptOf":{"@type":"@id"}},"@id":"https:\/\/adm.senado.leg.br\/vcb\/vocab\/skos\/899","@type":"skos:Concept","skos:prefLabel":{"@language":"pt-BR","@value=":"Conselhos de sa\u00fade"},"skos:inScheme":"https:\/\/adm.senado.leg.br\/vcb\/vocab\/","dct:created":"2020-09-18 17:42:59","skos:definition":[{"@lang":"ab","@value":"\u00d3rg\u00e3o colegiado, de car\u00e1ter permanente e deliberativo, composto paritariamente por usu\u00e1rios (50 por cento) e representantes do governo, prestadores de servi\u00e7os e profissionais de sa\u00fade.$vDecs "}],"skos:narrower":["https:\/\/adm.senado.leg.br\/vcb\/vocab\/skos\/3722"],"skos:broader":["https:\/\/adm.senado.leg.br\/vcb\/vocab\/skos\/8483"],"skos:altLabel":[{"language":"pt-BR","value":"Aconselhamento de sa\u00fade"},{"language":"pt-BR","value":"Conselho de sa\u00fade"}],"skos:related":["https:\/\/adm.senado.leg.br\/vcb\/vocab\/skos\/3855","https:\/\/adm.senado.leg.br\/vcb\/vocab\/skos\/901"]}