{"@context":{"dc":"http:\/\/purl.org\/dc\/elements\/1.1\/","skos":"http:\/\/www.w3.org\/2004\/02\/skos\/core#","skos:broader":{"@type":"@id"},"skos:inScheme":{"@type":"@id"},"skos:related":{"@type":"@id"},"skos:narrower":{"@type":"@id"},"skos:hasTopConcept":{"@type":"@id"},"skos:topConceptOf":{"@type":"@id"}},"@id":"https:\/\/adm.senado.leg.br\/vcb\/vocab\/skos\/9","@type":"skos:Concept","skos:prefLabel":{"@language":"pt-BR","@value=":"Direito ao afeto"},"skos:inScheme":"https:\/\/adm.senado.leg.br\/vcb\/vocab\/","dct:created":"2020-09-18 17:42:56","skos:definition":[{"@lang":"pt-BR","@value":"O direito ao afeto \u00e9 a liberdade de afei\u00e7oar-se um indiv\u00edduo a outro. O afeto ou afei\u00e7\u00e3o constitui, pois, um direito individual: uma liberdade que o Estado deve assegurar a cada indiv\u00edduo, sem discrimina\u00e7\u00f5es, sen\u00e3o as m\u00ednimas necess\u00e1rias ao bem comum de todos.$uhttps:\/\/ibdfam.org.br\/artigos\/50\/O+direito+ao+afeto "}],"skos:broader":["https:\/\/adm.senado.leg.br\/vcb\/vocab\/skos\/8635"],"skos:related":["https:\/\/adm.senado.leg.br\/vcb\/vocab\/skos\/8","https:\/\/adm.senado.leg.br\/vcb\/vocab\/skos\/1676","https:\/\/adm.senado.leg.br\/vcb\/vocab\/skos\/138","https:\/\/adm.senado.leg.br\/vcb\/vocab\/skos\/11263","https:\/\/adm.senado.leg.br\/vcb\/vocab\/skos\/1968","https:\/\/adm.senado.leg.br\/vcb\/vocab\/skos\/11268","https:\/\/adm.senado.leg.br\/vcb\/vocab\/skos\/11269","https:\/\/adm.senado.leg.br\/vcb\/vocab\/skos\/6371","https:\/\/adm.senado.leg.br\/vcb\/vocab\/skos\/10712","https:\/\/adm.senado.leg.br\/vcb\/vocab\/skos\/26276"]}