{"@context":{"dc":"http:\/\/purl.org\/dc\/elements\/1.1\/","skos":"http:\/\/www.w3.org\/2004\/02\/skos\/core#","skos:broader":{"@type":"@id"},"skos:inScheme":{"@type":"@id"},"skos:related":{"@type":"@id"},"skos:narrower":{"@type":"@id"},"skos:hasTopConcept":{"@type":"@id"},"skos:topConceptOf":{"@type":"@id"}},"@id":"https:\/\/adm.senado.leg.br\/vcb\/vocab\/skos\/9010","@type":"skos:Concept","skos:prefLabel":{"@language":"pt-BR","@value=":"Pejotiza\u00e7\u00e3o"},"skos:inScheme":"https:\/\/adm.senado.leg.br\/vcb\/vocab\/","dct:created":"2020-09-18 17:43:40","skos:definition":[{"@lang":"ab","@value":"A pejotiza\u00e7\u00e3o \u00e9 conhecida como uma pr\u00e1tica do empregador em contratar um funcion\u00e1rio como pessoa jur\u00eddica (PJ) ou de dispensar um empregado com registro em carteira e recontrat\u00e1-lo na forma de pessoa jur\u00eddica. Em qualquer dos casos, \u00e9 necess\u00e1rio que o funcion\u00e1rio constitua formalmente uma PJ.$uhttps:\/\/exame.abril.com.br\/carreira\/a-reforma-trabalhista-liberou-geral-a-pejotizacao\/Nascimento, Marcelo Mascaro "}],"skos:broader":["https:\/\/adm.senado.leg.br\/vcb\/vocab\/skos\/965","https:\/\/adm.senado.leg.br\/vcb\/vocab\/skos\/28873","https:\/\/adm.senado.leg.br\/vcb\/vocab\/skos\/7758"],"skos:altLabel":[{"language":"pt-BR","value":"Contrata\u00e7\u00e3o de Pessoa Jur\u00eddica (PJ)"},{"language":"pt-BR","value":"Contrata\u00e7\u00e3o de Pessoas Jur\u00eddicas (PJ)"}],"skos:related":["https:\/\/adm.senado.leg.br\/vcb\/vocab\/skos\/8308","https:\/\/adm.senado.leg.br\/vcb\/vocab\/skos\/11636","https:\/\/adm.senado.leg.br\/vcb\/vocab\/skos\/8420","https:\/\/adm.senado.leg.br\/vcb\/vocab\/skos\/6749"]}