{"@context":{"dc":"http:\/\/purl.org\/dc\/elements\/1.1\/","skos":"http:\/\/www.w3.org\/2004\/02\/skos\/core#","skos:broader":{"@type":"@id"},"skos:inScheme":{"@type":"@id"},"skos:related":{"@type":"@id"},"skos:narrower":{"@type":"@id"},"skos:hasTopConcept":{"@type":"@id"},"skos:topConceptOf":{"@type":"@id"}},"@id":"https:\/\/adm.senado.leg.br\/vcb\/vocab\/skos\/9013","@type":"skos:Concept","skos:prefLabel":{"@language":"pt-BR","@value=":"Empregado p\u00fablico"},"skos:inScheme":"https:\/\/adm.senado.leg.br\/vcb\/vocab\/","dct:created":"2020-09-18 17:43:40","skos:definition":[{"@lang":"ab","@value":"S\u00e3o todos os titulares de emprego p\u00fablico (n\u00e3o de cargo p\u00fablico) da Administra\u00e7\u00e3o direta e indireta, sujeitos ao regime jur\u00eddico da CLT, da\u00ed serem chamados de \"celetistas\". N\u00e3o ocupam cargo p\u00fablico e sendo celetistas, n\u00e3o t\u00eam condi\u00e7\u00e3o de adquirir a estabilidade constitucional (CF, art. 41), nem podem ser submetidos ao regime de previd\u00eancia peculiar, como os titulares de cargo efetivo e os agentes pol\u00edticos.$vMEIRELLES, Hely Lopes. Direito Administrativo Brasileiro) VCETCU "}],"skos:editorialNote":[{"@lang":"ab","@value":"341.3313 "}],"skos:broader":["https:\/\/adm.senado.leg.br\/vcb\/vocab\/skos\/264"],"skos:altLabel":[{"language":"pt-BR","value":"Empregado p\u00fablico regido pela CLT"},{"language":"pt-BR","value":"Servidor p\u00fablico regido pela CLT"}],"skos:related":["https:\/\/adm.senado.leg.br\/vcb\/vocab\/skos\/9009","https:\/\/adm.senado.leg.br\/vcb\/vocab\/skos\/12920","https:\/\/adm.senado.leg.br\/vcb\/vocab\/skos\/10994"]}