{"@context":{"dc":"http:\/\/purl.org\/dc\/elements\/1.1\/","skos":"http:\/\/www.w3.org\/2004\/02\/skos\/core#","skos:broader":{"@type":"@id"},"skos:inScheme":{"@type":"@id"},"skos:related":{"@type":"@id"},"skos:narrower":{"@type":"@id"},"skos:hasTopConcept":{"@type":"@id"},"skos:topConceptOf":{"@type":"@id"}},"@id":"https:\/\/adm.senado.leg.br\/vcb\/vocab\/skos\/9062","@type":"skos:Concept","skos:prefLabel":{"@language":"pt-BR","@value=":"Contraven\u00e7\u00e3o relativa \u00e0 organiza\u00e7\u00e3o do trabalho"},"skos:inScheme":"https:\/\/adm.senado.leg.br\/vcb\/vocab\/","dct:created":"2020-09-18 17:43:41","skos:narrower":["https:\/\/adm.senado.leg.br\/vcb\/vocab\/skos\/9096","https:\/\/adm.senado.leg.br\/vcb\/vocab\/skos\/9097","https:\/\/adm.senado.leg.br\/vcb\/vocab\/skos\/9098","https:\/\/adm.senado.leg.br\/vcb\/vocab\/skos\/9099","https:\/\/adm.senado.leg.br\/vcb\/vocab\/skos\/9100","https:\/\/adm.senado.leg.br\/vcb\/vocab\/skos\/9101","https:\/\/adm.senado.leg.br\/vcb\/vocab\/skos\/9102","https:\/\/adm.senado.leg.br\/vcb\/vocab\/skos\/9103"],"skos:broader":["https:\/\/adm.senado.leg.br\/vcb\/vocab\/skos\/8992"],"skos:related":["https:\/\/adm.senado.leg.br\/vcb\/vocab\/skos\/2001","https:\/\/adm.senado.leg.br\/vcb\/vocab\/skos\/29086"]}