{"@context":{"dc":"http:\/\/purl.org\/dc\/elements\/1.1\/","skos":"http:\/\/www.w3.org\/2004\/02\/skos\/core#","skos:broader":{"@type":"@id"},"skos:inScheme":{"@type":"@id"},"skos:related":{"@type":"@id"},"skos:narrower":{"@type":"@id"},"skos:hasTopConcept":{"@type":"@id"},"skos:topConceptOf":{"@type":"@id"}},"@id":"https:\/\/adm.senado.leg.br\/vcb\/vocab\/skos\/9063","@type":"skos:Concept","skos:prefLabel":{"@language":"pt-BR","@value=":"Contraven\u00e7\u00e3o relativa \u00e0 pol\u00edcia de costumes"},"skos:inScheme":"https:\/\/adm.senado.leg.br\/vcb\/vocab\/","dct:created":"2020-09-18 17:43:41","skos:narrower":["https:\/\/adm.senado.leg.br\/vcb\/vocab\/skos\/2523","https:\/\/adm.senado.leg.br\/vcb\/vocab\/skos\/9104","https:\/\/adm.senado.leg.br\/vcb\/vocab\/skos\/9105","https:\/\/adm.senado.leg.br\/vcb\/vocab\/skos\/9106","https:\/\/adm.senado.leg.br\/vcb\/vocab\/skos\/9107","https:\/\/adm.senado.leg.br\/vcb\/vocab\/skos\/9108","https:\/\/adm.senado.leg.br\/vcb\/vocab\/skos\/9109","https:\/\/adm.senado.leg.br\/vcb\/vocab\/skos\/9110","https:\/\/adm.senado.leg.br\/vcb\/vocab\/skos\/9111","https:\/\/adm.senado.leg.br\/vcb\/vocab\/skos\/2891","https:\/\/adm.senado.leg.br\/vcb\/vocab\/skos\/9112","https:\/\/adm.senado.leg.br\/vcb\/vocab\/skos\/9113","https:\/\/adm.senado.leg.br\/vcb\/vocab\/skos\/9114","https:\/\/adm.senado.leg.br\/vcb\/vocab\/skos\/9115","https:\/\/adm.senado.leg.br\/vcb\/vocab\/skos\/9116","https:\/\/adm.senado.leg.br\/vcb\/vocab\/skos\/9117","https:\/\/adm.senado.leg.br\/vcb\/vocab\/skos\/9118","https:\/\/adm.senado.leg.br\/vcb\/vocab\/skos\/9119","https:\/\/adm.senado.leg.br\/vcb\/vocab\/skos\/9120"],"skos:broader":["https:\/\/adm.senado.leg.br\/vcb\/vocab\/skos\/8992"]}