{"@context":{"dc":"http:\/\/purl.org\/dc\/elements\/1.1\/","skos":"http:\/\/www.w3.org\/2004\/02\/skos\/core#","skos:broader":{"@type":"@id"},"skos:inScheme":{"@type":"@id"},"skos:related":{"@type":"@id"},"skos:narrower":{"@type":"@id"},"skos:hasTopConcept":{"@type":"@id"},"skos:topConceptOf":{"@type":"@id"}},"@id":"https:\/\/adm.senado.leg.br\/vcb\/vocab\/skos\/91","@type":"skos:Concept","skos:prefLabel":{"@language":"pt-BR","@value=":"Log\u00edstica"},"skos:inScheme":"https:\/\/adm.senado.leg.br\/vcb\/vocab\/","dct:created":"2020-09-18 17:42:56","skos:definition":[{"@lang":"ab","@value":"Especialidade da administra\u00e7\u00e3o respons\u00e1vel por prover recursos e informa\u00e7\u00f5es para a execu\u00e7\u00e3o de todas as atividades de uma organiza\u00e7\u00e3o. Sendo uma especialidade da administra\u00e7\u00e3o que visa a suprir recursos, ela envolve tamb\u00e9m a aplica\u00e7\u00e3o de conhecimentos de outras \u00e1reas como a engenharia, economia, contabilidade, estat\u00edstica, marketing, tecnologia e recursos humanos. "}],"skos:narrower":["https:\/\/adm.senado.leg.br\/vcb\/vocab\/skos\/90","https:\/\/adm.senado.leg.br\/vcb\/vocab\/skos\/3169","https:\/\/adm.senado.leg.br\/vcb\/vocab\/skos\/3165","https:\/\/adm.senado.leg.br\/vcb\/vocab\/skos\/19046"],"skos:broader":["https:\/\/adm.senado.leg.br\/vcb\/vocab\/skos\/1458"],"skos:related":["https:\/\/adm.senado.leg.br\/vcb\/vocab\/skos\/1149","https:\/\/adm.senado.leg.br\/vcb\/vocab\/skos\/6890","https:\/\/adm.senado.leg.br\/vcb\/vocab\/skos\/13159","https:\/\/adm.senado.leg.br\/vcb\/vocab\/skos\/13583","https:\/\/adm.senado.leg.br\/vcb\/vocab\/skos\/8984","https:\/\/adm.senado.leg.br\/vcb\/vocab\/skos\/5947"]}