{"@context":{"dc":"http:\/\/purl.org\/dc\/elements\/1.1\/","skos":"http:\/\/www.w3.org\/2004\/02\/skos\/core#","skos:broader":{"@type":"@id"},"skos:inScheme":{"@type":"@id"},"skos:related":{"@type":"@id"},"skos:narrower":{"@type":"@id"},"skos:hasTopConcept":{"@type":"@id"},"skos:topConceptOf":{"@type":"@id"}},"@id":"https:\/\/adm.senado.leg.br\/vcb\/vocab\/skos\/9127","@type":"skos:Concept","skos:prefLabel":{"@language":"pt-BR","@value=":"Encargo social"},"skos:inScheme":"https:\/\/adm.senado.leg.br\/vcb\/vocab\/","dct:created":"2020-09-18 17:43:42","skos:definition":[{"@lang":"ab","@value":"Taxas e contribui\u00e7\u00f5es pagas pelo empregador para financiamento das pol\u00edticas p\u00fablicas que beneficia de forma indireta o trabalhador. S\u00e3o considerados encargos sociais a Seguridade e Previd\u00eancia Social - INSS, Fundo de Garantia do Tempo de Servi\u00e7os FGTS e o Sistema S (SESC, SESI, SENAI, etc). (VCE-TCU) "}],"skos:editorialNote":[{"@lang":"ab","@value":"341.612157 "}],"skos:broader":["https:\/\/adm.senado.leg.br\/vcb\/vocab\/skos\/9139"],"skos:altLabel":[{"language":"pt-BR","value":"Encargos previdenci\u00e1rios"},{"language":"pt-BR","value":"Encargos sociais"}],"skos:related":["https:\/\/adm.senado.leg.br\/vcb\/vocab\/skos\/2875","https:\/\/adm.senado.leg.br\/vcb\/vocab\/skos\/9129","https:\/\/adm.senado.leg.br\/vcb\/vocab\/skos\/3801","https:\/\/adm.senado.leg.br\/vcb\/vocab\/skos\/13082","https:\/\/adm.senado.leg.br\/vcb\/vocab\/skos\/8741","https:\/\/adm.senado.leg.br\/vcb\/vocab\/skos\/798","https:\/\/adm.senado.leg.br\/vcb\/vocab\/skos\/23787","https:\/\/adm.senado.leg.br\/vcb\/vocab\/skos\/785"]}