{"@context":{"dc":"http:\/\/purl.org\/dc\/elements\/1.1\/","skos":"http:\/\/www.w3.org\/2004\/02\/skos\/core#","skos:broader":{"@type":"@id"},"skos:inScheme":{"@type":"@id"},"skos:related":{"@type":"@id"},"skos:narrower":{"@type":"@id"},"skos:hasTopConcept":{"@type":"@id"},"skos:topConceptOf":{"@type":"@id"}},"@id":"https:\/\/adm.senado.leg.br\/vcb\/vocab\/skos\/9147","@type":"skos:Concept","skos:prefLabel":{"@language":"pt-BR","@value=":"Contribuinte individual"},"skos:inScheme":"https:\/\/adm.senado.leg.br\/vcb\/vocab\/","dct:created":"2020-09-18 17:43:42","skos:definition":[{"@lang":"ab","@value":"Nesta categoria est\u00e3o as pessoas que trabalham por conta pr\u00f3pria (aut\u00f4nomos) e os trabalhadores que prestam servi\u00e7os de natureza eventual a empresas, sem v\u00ednculo empregat\u00edcio. S\u00e3o considerados contribuintes individuais, entre outros, os sacerdotes, os diretores que recebem remunera\u00e7\u00e3o decorrente de atividade em empresa urbana ou rural, os s\u00edndicos remunerados, os motoristas de t\u00e1xi, os vendedores ambulantes, as diaristas, os pintores, os eletricistas, os associados de cooperativas de trabalho e outros.$vBRASIL. Minist\u00e9rio da Previd\u00eancia Social. "}],"skos:broader":["https:\/\/adm.senado.leg.br\/vcb\/vocab\/skos\/5803","https:\/\/adm.senado.leg.br\/vcb\/vocab\/skos\/4522"],"skos:related":["https:\/\/adm.senado.leg.br\/vcb\/vocab\/skos\/4518","https:\/\/adm.senado.leg.br\/vcb\/vocab\/skos\/4519","https:\/\/adm.senado.leg.br\/vcb\/vocab\/skos\/9148","https:\/\/adm.senado.leg.br\/vcb\/vocab\/skos\/930"]}