{"@context":{"dc":"http:\/\/purl.org\/dc\/elements\/1.1\/","skos":"http:\/\/www.w3.org\/2004\/02\/skos\/core#","skos:broader":{"@type":"@id"},"skos:inScheme":{"@type":"@id"},"skos:related":{"@type":"@id"},"skos:narrower":{"@type":"@id"},"skos:hasTopConcept":{"@type":"@id"},"skos:topConceptOf":{"@type":"@id"}},"@id":"https:\/\/adm.senado.leg.br\/vcb\/vocab\/skos\/9259","@type":"skos:Concept","skos:prefLabel":{"@language":"pt-BR","@value=":"Imigra\u00e7\u00e3o"},"skos:inScheme":"https:\/\/adm.senado.leg.br\/vcb\/vocab\/","dct:created":"2020-09-18 17:43:43","skos:scopeNote":[{"@lang":"pt-BR","@value":"Usar, tamb\u00e9m, seguido de nomes geogr\u00e1ficos, indicativos dos locais de origem e destino do imigrante, quando necess\u00e1rio. Ex.: Imigra\u00e7\u00e3o, Alemanha, Santa Catarina\u00a0 (Estado). "}],"skos:definition":[{"@lang":"ab","@value":"Caracterizada pela entrada de indiv\u00edduos ou grupos, em outro pa\u00eds. O imigrante \u00e9 visto do ponto de vista do pa\u00eds que o acolheu. O termo se aplica s\u00f3 \u00e0s pessoas que pretendem fixar resid\u00eancia permanente no pa\u00eds adotivo, participando da sua vida social.$vSIGNIFICADOS. "}],"skos:editorialNote":[{"@lang":"ab","@value":"341.121941 "}],"skos:broader":["https:\/\/adm.senado.leg.br\/vcb\/vocab\/skos\/9261"],"skos:related":["https:\/\/adm.senado.leg.br\/vcb\/vocab\/skos\/1749","https:\/\/adm.senado.leg.br\/vcb\/vocab\/skos\/9255","https:\/\/adm.senado.leg.br\/vcb\/vocab\/skos\/4829","https:\/\/adm.senado.leg.br\/vcb\/vocab\/skos\/9257","https:\/\/adm.senado.leg.br\/vcb\/vocab\/skos\/28218","https:\/\/adm.senado.leg.br\/vcb\/vocab\/skos\/9260","https:\/\/adm.senado.leg.br\/vcb\/vocab\/skos\/10740"]}