{"@context":{"dc":"http:\/\/purl.org\/dc\/elements\/1.1\/","skos":"http:\/\/www.w3.org\/2004\/02\/skos\/core#","skos:broader":{"@type":"@id"},"skos:inScheme":{"@type":"@id"},"skos:related":{"@type":"@id"},"skos:narrower":{"@type":"@id"},"skos:hasTopConcept":{"@type":"@id"},"skos:topConceptOf":{"@type":"@id"}},"@id":"https:\/\/adm.senado.leg.br\/vcb\/vocab\/skos\/9261","@type":"skos:Concept","skos:prefLabel":{"@language":"pt-BR","@value=":"Migra\u00e7\u00e3o"},"skos:inScheme":"https:\/\/adm.senado.leg.br\/vcb\/vocab\/","dct:created":"2020-09-18 17:43:43","skos:editorialNote":[{"@lang":"ab","@value":"341.1219 "}],"skos:narrower":["https:\/\/adm.senado.leg.br\/vcb\/vocab\/skos\/9257","https:\/\/adm.senado.leg.br\/vcb\/vocab\/skos\/9259","https:\/\/adm.senado.leg.br\/vcb\/vocab\/skos\/20601","https:\/\/adm.senado.leg.br\/vcb\/vocab\/skos\/20602","https:\/\/adm.senado.leg.br\/vcb\/vocab\/skos\/10944","https:\/\/adm.senado.leg.br\/vcb\/vocab\/skos\/14002"],"skos:broader":["https:\/\/adm.senado.leg.br\/vcb\/vocab\/skos\/8406"],"skos:altLabel":[{"language":"pt-BR","value":"Emigra\u00e7\u00e3o e imigra\u00e7\u00e3o"},{"language":"pt-BR","value":"Movimento migrat\u00f3rio"}],"skos:related":["https:\/\/adm.senado.leg.br\/vcb\/vocab\/skos\/9255","https:\/\/adm.senado.leg.br\/vcb\/vocab\/skos\/2664","https:\/\/adm.senado.leg.br\/vcb\/vocab\/skos\/11842","https:\/\/adm.senado.leg.br\/vcb\/vocab\/skos\/9258","https:\/\/adm.senado.leg.br\/vcb\/vocab\/skos\/7043","https:\/\/adm.senado.leg.br\/vcb\/vocab\/skos\/9260","https:\/\/adm.senado.leg.br\/vcb\/vocab\/skos\/8862","https:\/\/adm.senado.leg.br\/vcb\/vocab\/skos\/11847"]}