{"@context":{"dc":"http:\/\/purl.org\/dc\/elements\/1.1\/","skos":"http:\/\/www.w3.org\/2004\/02\/skos\/core#","skos:broader":{"@type":"@id"},"skos:inScheme":{"@type":"@id"},"skos:related":{"@type":"@id"},"skos:narrower":{"@type":"@id"},"skos:hasTopConcept":{"@type":"@id"},"skos:topConceptOf":{"@type":"@id"}},"@id":"https:\/\/adm.senado.leg.br\/vcb\/vocab\/skos\/9274","@type":"skos:Concept","skos:prefLabel":{"@language":"pt-BR","@value=":"Controle sanit\u00e1rio de fronteiras"},"skos:inScheme":"https:\/\/adm.senado.leg.br\/vcb\/vocab\/","dct:created":"2020-09-18 17:43:43","skos:definition":[{"@lang":"ab","@value":"Controle\u00a0e\u00a0fiscaliza\u00e7\u00e3o sanit\u00e1ria\u00a0nas regi\u00f5es fronteiri\u00e7as para evitar a propaga\u00e7\u00e3o de\u00a0doen\u00e7as transmiss\u00edveis\u00a0e riscos de danos ao\u00a0meio ambiente\u00a0e \u00e0\u00a0sa\u00fade p\u00fablica.\u00a0 "}],"skos:broader":["https:\/\/adm.senado.leg.br\/vcb\/vocab\/skos\/9122"]}