{"@context":{"dc":"http:\/\/purl.org\/dc\/elements\/1.1\/","skos":"http:\/\/www.w3.org\/2004\/02\/skos\/core#","skos:broader":{"@type":"@id"},"skos:inScheme":{"@type":"@id"},"skos:related":{"@type":"@id"},"skos:narrower":{"@type":"@id"},"skos:hasTopConcept":{"@type":"@id"},"skos:topConceptOf":{"@type":"@id"}},"@id":"https:\/\/adm.senado.leg.br\/vcb\/vocab\/skos\/9313","@type":"skos:Concept","skos:prefLabel":{"@language":"pt-BR","@value=":"Convoca\u00e7\u00e3o extraordin\u00e1ria"},"skos:inScheme":"https:\/\/adm.senado.leg.br\/vcb\/vocab\/","dct:created":"2020-09-18 17:43:43","skos:definition":[{"@lang":"ab","@value":"\u00c9 o funcionamento do Congresso Nacional fora do per\u00edodo da sess\u00e3o legislativa ordin\u00e1ria. A convoca\u00e7\u00e3o pode ser feita pelo presidente do Senado Federal, em caso de decreta\u00e7\u00e3o de Estado de Defesa ou de Interven\u00e7\u00e3o Federal, de pedido de autoriza\u00e7\u00e3o para a decreta\u00e7\u00e3o de Estado de S\u00edtio e para o compromisso e posse do presidente e do vice-presidente da Rep\u00fablica.$uhttps:\/\/www2.camara.leg.br\/comunicacao\/assessoria-de-imprensa\/convocacao-extraordinaria "}],"skos:broader":["https:\/\/adm.senado.leg.br\/vcb\/vocab\/skos\/4234"],"skos:related":["https:\/\/adm.senado.leg.br\/vcb\/vocab\/skos\/9314","https:\/\/adm.senado.leg.br\/vcb\/vocab\/skos\/9315"]}