{"@context":{"dc":"http:\/\/purl.org\/dc\/elements\/1.1\/","skos":"http:\/\/www.w3.org\/2004\/02\/skos\/core#","skos:broader":{"@type":"@id"},"skos:inScheme":{"@type":"@id"},"skos:related":{"@type":"@id"},"skos:narrower":{"@type":"@id"},"skos:hasTopConcept":{"@type":"@id"},"skos:topConceptOf":{"@type":"@id"}},"@id":"https:\/\/adm.senado.leg.br\/vcb\/vocab\/skos\/932","@type":"skos:Concept","skos:prefLabel":{"@language":"pt-BR","@value=":"Acordo complementar"},"skos:inScheme":"https:\/\/adm.senado.leg.br\/vcb\/vocab\/","dct:created":"2020-09-18 17:42:59","skos:definition":[{"@lang":"ab","@value":"Ajuste ou acordo complementar: estabelece os termos de execu\u00e7\u00e3o de outro ato internacional. Tamb\u00e9m pode detalhar \u00e1reas espec\u00edficas de um ato. Em 2011, o Brasil e Alemanha assinaram, por exemplo, um ajuste complementar a um acordo de coopera\u00e7\u00e3o t\u00e9cnica nas \u00e1reas de florestas tropicais e efici\u00eancia energ\u00e9tica, em vigor desde 1996.$vPORTAL Brasil: atos internacionais. "}],"skos:broader":["https:\/\/adm.senado.leg.br\/vcb\/vocab\/skos\/938"],"skos:altLabel":[{"language":"pt-BR","value":"Ajuste complementar"}],"skos:related":["https:\/\/adm.senado.leg.br\/vcb\/vocab\/skos\/934","https:\/\/adm.senado.leg.br\/vcb\/vocab\/skos\/935","https:\/\/adm.senado.leg.br\/vcb\/vocab\/skos\/936","https:\/\/adm.senado.leg.br\/vcb\/vocab\/skos\/937"]}